{"id":6520,"date":"2023-11-07T10:10:03","date_gmt":"2023-11-07T10:10:03","guid":{"rendered":"https:\/\/archivportal.hu\/?p=6520"},"modified":"2023-11-07T10:10:04","modified_gmt":"2023-11-07T10:10:04","slug":"elhunyt-a-varga-laszlo","status":"publish","type":"post","link":"https:\/\/archivportal.hu\/index.php\/elhunyt-a-varga-laszlo\/","title":{"rendered":"Elhunyt \u00c1. Varga L\u00e1szl\u00f3"},"content":{"rendered":"\n<p>\u00c1. Varga L\u00e1szl\u00f3 1948. szeptember 7-\u00e9n sz\u00fcletett Biharkeresztesen. T\u00f6rt\u00e9nelem\u2013f\u00f6ldrajz szakos egyetemi diplom\u00e1j\u00e1t a Kossuth Lajos Tudom\u00e1nyegyetemen (Debrecen) szerezte 1973-ban, b\u00f6lcs\u00e9szdoktori c\u00edm\u00e9t ugyanott v\u00e9dte meg 1985-ben. 1973 \u00e9s 1982 k\u00f6z\u00f6tt a Heves Megyei Lev\u00e9lt\u00e1rban seg\u00e9dlev\u00e9lt\u00e1rosk\u00e9nt majd lev\u00e9lt\u00e1rosk\u00e9nt, 1982\u20131999-ben a N\u00f3gr\u00e1d Megyei Lev\u00e9lt\u00e1r igazgat\u00f3jak\u00e9nt dolgozott.<\/p>\n\n\n\n<p>Meghat\u00e1roz\u00f3 jelent\u0151s\u00e9g\u0171 volt a szakmai p\u00e1ly\u00e1j\u00e1n \u00fatj\u00e1ra bocs\u00e1t\u00f3 szellemi m\u0171hely, az \u00fan. debreceni iskola, amelyet Szab\u00f3 Istv\u00e1n professzor szellemis\u00e9ge \u00e9s R\u00e1nki Gy\u00f6rgy gazdas\u00e1gt\u00f6rt\u00e9neti ir\u00e1nyults\u00e1g\u00fa szeml\u00e9lete egyk\u00e9nt f\u00e9mjelzett. A lev\u00e9lt\u00e1rosi erud\u00edci\u00f3t pedig a Kov\u00e1cs B\u00e9la nev\u00e9hez kapcsol\u00f3d\u00f3 \u201eegri m\u0171hely&#8221;-ben, a Heves Megyei Lev\u00e9lt\u00e1rban tette mag\u00e1\u00e9v\u00e1. Az akkori id\u0151kben szokatlanul fiatalon nyert lev\u00e9lt\u00e1rigazgat\u00f3i kinevez\u00e9st. M\u00e1r ekkor kit\u0171nt azzal, hogy tev\u00e9kenys\u00e9ge t\u00fall\u00e9pett a megye hat\u00e1rain: orsz\u00e1gos l\u00e9pt\u00e9kben igyekezett gondolkodni \u00e9s tenni. Nem csak a lev\u00e9lt\u00e1ros t\u00e1rsadalom szakmai szervez\u0151d\u00e9s\u00e9nek volt egyik motorja, de alap\u00edt\u00f3i k\u00f6z\u00e9 tartozott a Hajnal Istv\u00e1n K\u00f6r T\u00e1rsadalomt\u00f6rt\u00e9neti Egyes\u00fcletnek is, amelynek 1992-ig titk\u00e1ri tiszt\u00e9t is ell\u00e1tta. A rendszerv\u00e1lt\u00e1s \u00e9veiben \u0151 ir\u00e1ny\u00edtotta azt a sz\u00e1mos koll\u00e9g\u00e1t megmozgat\u00f3 munk\u00e1t, amely a vid\u00e9ki Magyarorsz\u00e1g \u201956-os dokumentumainak \u00f6sszegy\u0171jt\u00e9s\u00e9t t\u0171zte ki c\u00e9lul. Nemcsak a hazai lev\u00e9lt\u00e1rak k\u00f6z\u00f6tti egy\u00fcttm\u0171k\u00f6d\u00e9snek volt f\u00e1radhatatlan koordin\u00e1l\u00f3ja \u00e9s szervez\u0151je, hanem a hat\u00e1ron t\u00falra szakadt magyar lev\u00e9lt\u00e1ri anyag felt\u00e1r\u00e1s\u00e1nak, az ezen iratok el\u00e9rhet\u0151s\u00e9g\u00e9t, kutat\u00e1s\u00e1t seg\u00edt\u0151 fondjegyz\u00e9kek elk\u00e9sz\u00edt\u00e9s\u00e9nek, kiad\u00e1s\u00e1nak is. 2000\u20132010 k\u00f6z\u00f6tt az \u00d6nkorm\u00e1nyzati Lev\u00e9lt\u00e1rak Tan\u00e1cs\u00e1nak volt az eln\u00f6ke. 1999\u20132013 k\u00f6z\u00f6tt f\u0151igazgat\u00f3k\u00e9nt vezette Budapest F\u0151v\u00e1ros Lev\u00e9lt\u00e1r\u00e1t. Ezekben az \u00e9vekben zajlott a lev\u00e9lt\u00e1r Teve utcai \u00e9p\u00fclet\u00e9nek fel\u00e9p\u00edt\u00e9se \u00e9s \u00e1tad\u00e1sa, az iratanyag betelep\u00edt\u00e9s\u00e9nek komplex m\u0171velete. Ez id\u0151ben egybeesett a lev\u00e9lt\u00e1ri munka technol\u00f3giai \u00e9s tartalmi meg\u00faj\u00edt\u00e1s\u00e1val az adatb\u00e1zis-\u00e9p\u00edt\u00e9s \u00e9s a digitaliz\u00e1ci\u00f3 el\u0151t\u00e9rbe ker\u00fcl\u00e9s\u00e9vel. Meger\u0151s\u00f6d\u00f6tt a lev\u00e9lt\u00e1r v\u00e1rost\u00f6rt\u00e9neti m\u0171hely szerepe is, ir\u00e1ny\u00edt\u00e1s\u00e1val indult el az Urbs Magyar V\u00e1rost\u00f6rt\u00e9neti \u00c9vk\u00f6nyv kiad\u00e1sa \u00e9s a k\u00e9t\u00e9venk\u00e9nti orsz\u00e1gos v\u00e1rost\u00f6rt\u00e9neti konferenci\u00e1k sora. 2004-ben Pauler Gyula d\u00edjat, 2008-ban Sz\u00e9ch\u00e9nyi Ferenc-d\u00edjat, 2016-ban B\u0151sze S\u00e1ndor-d\u00edjat kapott.<\/p>\n\n\n\n<p>Habitus\u00e1t aligha lehetne jobban \u00f6sszefoglalni, mint a koll\u00e9g\u00e1i \u00e9s tisztel\u0151i \u00e1ltal 60. sz\u00fclet\u00e9snapj\u00e1ra \u00f6ssze\u00e1ll\u00edtott tanulm\u00e1nyk\u00f6tet c\u00edme: \u201eSz\u00edvvel \u00e9s tettel\u201d. Eml\u00e9k\u00e9t szeretettel meg\u0151rizz\u00fck.<\/p>\n\n\n\n<figure class=\"wp-block-image size-large\"><img fetchpriority=\"high\" decoding=\"async\" width=\"1024\" height=\"823\" src=\"https:\/\/archivportal.hu\/wp-content\/uploads\/2023\/11\/A_Varga_L-1024x823.jpg\" alt=\"\" class=\"wp-image-6521\" srcset=\"https:\/\/archivportal.hu\/wp-content\/uploads\/2023\/11\/A_Varga_L-1024x823.jpg 1024w, https:\/\/archivportal.hu\/wp-content\/uploads\/2023\/11\/A_Varga_L-300x241.jpg 300w, https:\/\/archivportal.hu\/wp-content\/uploads\/2023\/11\/A_Varga_L-768x617.jpg 768w, https:\/\/archivportal.hu\/wp-content\/uploads\/2023\/11\/A_Varga_L-1536x1234.jpg 1536w, https:\/\/archivportal.hu\/wp-content\/uploads\/2023\/11\/A_Varga_L-2048x1646.jpg 2048w\" sizes=\"(max-width: 1024px) 100vw, 1024px\" \/><\/figure>\n","protected":false},"excerpt":{"rendered":"<p>\u00c1. Varga L\u00e1szl\u00f3 1948. szeptember 7-\u00e9n sz\u00fcletett Biharkeresztesen. T\u00f6rt\u00e9nelem\u2013f\u00f6ldrajz szakos egyetemi diplom\u00e1j\u00e1t a Kossuth Lajos Tudom\u00e1nyegyetemen (Debrecen) szerezte 1973-ban, b\u00f6lcs\u00e9szdoktori c\u00edm\u00e9t ugyanott v\u00e9dte meg 1985-ben. 1973 \u00e9s 1982 k\u00f6z\u00f6tt a Heves Megyei Lev\u00e9lt\u00e1rban seg\u00e9dlev\u00e9lt\u00e1rosk\u00e9nt majd lev\u00e9lt\u00e1rosk\u00e9nt, 1982\u20131999-ben a N\u00f3gr\u00e1d Megyei Lev\u00e9lt\u00e1r igazgat\u00f3jak\u00e9nt dolgozott. Meghat\u00e1roz\u00f3 jelent\u0151s\u00e9g\u0171 volt a szakmai p\u00e1ly\u00e1j\u00e1n \u00fatj\u00e1ra bocs\u00e1t\u00f3 szellemi m\u0171hely, az \u00fan. [&hellip;]<\/p>\n","protected":false},"author":6,"featured_media":6521,"comment_status":"closed","ping_status":"open","sticky":false,"template":"","format":"standard","meta":{"_acf_changed":false,"footnotes":"","_links_to":"","_links_to_target":""},"categories":[1],"tags":[],"class_list":["post-6520","post","type-post","status-publish","format-standard","has-post-thumbnail","hentry","category-hir"],"acf":[],"yoast_head":"<!-- This site is optimized with the Yoast SEO plugin v27.5 - https:\/\/yoast.com\/product\/yoast-seo-wordpress\/ -->\n<title>Elhunyt \u00c1. Varga L\u00e1szl\u00f3 - Magyar Lev\u00e9lt\u00e1ri Port\u00e1l<\/title>\n<meta name=\"robots\" content=\"index, follow, max-snippet:-1, max-image-preview:large, max-video-preview:-1\" \/>\n<meta property=\"og:locale\" content=\"en_US\" \/>\n<meta property=\"og:type\" content=\"article\" \/>\n<meta property=\"og:title\" content=\"Elhunyt \u00c1. Varga L\u00e1szl\u00f3 - Magyar Lev\u00e9lt\u00e1ri Port\u00e1l\" \/>\n<meta property=\"og:description\" content=\"\u00c1. Varga L\u00e1szl\u00f3 1948. szeptember 7-\u00e9n sz\u00fcletett Biharkeresztesen. T\u00f6rt\u00e9nelem\u2013f\u00f6ldrajz szakos egyetemi diplom\u00e1j\u00e1t a Kossuth Lajos Tudom\u00e1nyegyetemen (Debrecen) szerezte 1973-ban, b\u00f6lcs\u00e9szdoktori c\u00edm\u00e9t ugyanott v\u00e9dte meg 1985-ben. 1973 \u00e9s 1982 k\u00f6z\u00f6tt a Heves Megyei Lev\u00e9lt\u00e1rban seg\u00e9dlev\u00e9lt\u00e1rosk\u00e9nt majd lev\u00e9lt\u00e1rosk\u00e9nt, 1982\u20131999-ben a N\u00f3gr\u00e1d Megyei Lev\u00e9lt\u00e1r igazgat\u00f3jak\u00e9nt dolgozott. Meghat\u00e1roz\u00f3 jelent\u0151s\u00e9g\u0171 volt a szakmai p\u00e1ly\u00e1j\u00e1n \u00fatj\u00e1ra bocs\u00e1t\u00f3 szellemi m\u0171hely, az \u00fan. [&hellip;]\" \/>\n<meta property=\"og:url\" content=\"https:\/\/archivportal.hu\/index.php\/elhunyt-a-varga-laszlo\/\" \/>\n<meta property=\"og:site_name\" content=\"Magyar Lev\u00e9lt\u00e1ri Port\u00e1l\" \/>\n<meta property=\"article:publisher\" content=\"https:\/\/www.facebook.com\/magyarleveltarosok.egyesulete\" \/>\n<meta property=\"article:published_time\" content=\"2023-11-07T10:10:03+00:00\" \/>\n<meta property=\"article:modified_time\" content=\"2023-11-07T10:10:04+00:00\" \/>\n<meta property=\"og:image\" content=\"https:\/\/archivportal.hu\/wp-content\/uploads\/2023\/11\/A_Varga_L-scaled.jpg\" \/>\n\t<meta property=\"og:image:width\" content=\"2560\" \/>\n\t<meta property=\"og:image:height\" content=\"2057\" \/>\n\t<meta property=\"og:image:type\" content=\"image\/jpeg\" \/>\n<meta name=\"author\" content=\"Garami Erika\" \/>\n<meta name=\"twitter:card\" content=\"summary_large_image\" \/>\n<meta name=\"twitter:label1\" content=\"Written by\" \/>\n\t<meta name=\"twitter:data1\" content=\"Garami Erika\" \/>\n\t<meta name=\"twitter:label2\" content=\"Est. reading time\" \/>\n\t<meta name=\"twitter:data2\" content=\"2 minutes\" \/>\n<script type=\"application\/ld+json\" class=\"yoast-schema-graph\">{\"@context\":\"https:\\\/\\\/schema.org\",\"@graph\":[{\"@type\":\"Article\",\"@id\":\"https:\\\/\\\/archivportal.hu\\\/index.php\\\/elhunyt-a-varga-laszlo\\\/#article\",\"isPartOf\":{\"@id\":\"https:\\\/\\\/archivportal.hu\\\/index.php\\\/elhunyt-a-varga-laszlo\\\/\"},\"author\":{\"name\":\"Garami Erika\",\"@id\":\"https:\\\/\\\/archivportal.hu\\\/#\\\/schema\\\/person\\\/e10bc28b832bab46e0a669599d3462f1\"},\"headline\":\"Elhunyt \u00c1. Varga L\u00e1szl\u00f3\",\"datePublished\":\"2023-11-07T10:10:03+00:00\",\"dateModified\":\"2023-11-07T10:10:04+00:00\",\"mainEntityOfPage\":{\"@id\":\"https:\\\/\\\/archivportal.hu\\\/index.php\\\/elhunyt-a-varga-laszlo\\\/\"},\"wordCount\":536,\"publisher\":{\"@id\":\"https:\\\/\\\/archivportal.hu\\\/#organization\"},\"image\":{\"@id\":\"https:\\\/\\\/archivportal.hu\\\/index.php\\\/elhunyt-a-varga-laszlo\\\/#primaryimage\"},\"thumbnailUrl\":\"https:\\\/\\\/archivportal.hu\\\/wp-content\\\/uploads\\\/2023\\\/11\\\/A_Varga_L-scaled.jpg\",\"articleSection\":[\"H\u00edr\"],\"inLanguage\":\"en-US\"},{\"@type\":\"WebPage\",\"@id\":\"https:\\\/\\\/archivportal.hu\\\/index.php\\\/elhunyt-a-varga-laszlo\\\/\",\"url\":\"https:\\\/\\\/archivportal.hu\\\/index.php\\\/elhunyt-a-varga-laszlo\\\/\",\"name\":\"Elhunyt \u00c1. Varga L\u00e1szl\u00f3 - Magyar Lev\u00e9lt\u00e1ri Port\u00e1l\",\"isPartOf\":{\"@id\":\"https:\\\/\\\/archivportal.hu\\\/#website\"},\"primaryImageOfPage\":{\"@id\":\"https:\\\/\\\/archivportal.hu\\\/index.php\\\/elhunyt-a-varga-laszlo\\\/#primaryimage\"},\"image\":{\"@id\":\"https:\\\/\\\/archivportal.hu\\\/index.php\\\/elhunyt-a-varga-laszlo\\\/#primaryimage\"},\"thumbnailUrl\":\"https:\\\/\\\/archivportal.hu\\\/wp-content\\\/uploads\\\/2023\\\/11\\\/A_Varga_L-scaled.jpg\",\"datePublished\":\"2023-11-07T10:10:03+00:00\",\"dateModified\":\"2023-11-07T10:10:04+00:00\",\"breadcrumb\":{\"@id\":\"https:\\\/\\\/archivportal.hu\\\/index.php\\\/elhunyt-a-varga-laszlo\\\/#breadcrumb\"},\"inLanguage\":\"en-US\",\"potentialAction\":[{\"@type\":\"ReadAction\",\"target\":[\"https:\\\/\\\/archivportal.hu\\\/index.php\\\/elhunyt-a-varga-laszlo\\\/\"]}]},{\"@type\":\"ImageObject\",\"inLanguage\":\"en-US\",\"@id\":\"https:\\\/\\\/archivportal.hu\\\/index.php\\\/elhunyt-a-varga-laszlo\\\/#primaryimage\",\"url\":\"https:\\\/\\\/archivportal.hu\\\/wp-content\\\/uploads\\\/2023\\\/11\\\/A_Varga_L-scaled.jpg\",\"contentUrl\":\"https:\\\/\\\/archivportal.hu\\\/wp-content\\\/uploads\\\/2023\\\/11\\\/A_Varga_L-scaled.jpg\",\"width\":2560,\"height\":2057},{\"@type\":\"BreadcrumbList\",\"@id\":\"https:\\\/\\\/archivportal.hu\\\/index.php\\\/elhunyt-a-varga-laszlo\\\/#breadcrumb\",\"itemListElement\":[{\"@type\":\"ListItem\",\"position\":1,\"name\":\"Home\",\"item\":\"https:\\\/\\\/archivportal.hu\\\/\"},{\"@type\":\"ListItem\",\"position\":2,\"name\":\"Elhunyt \u00c1. Varga L\u00e1szl\u00f3\"}]},{\"@type\":\"WebSite\",\"@id\":\"https:\\\/\\\/archivportal.hu\\\/#website\",\"url\":\"https:\\\/\\\/archivportal.hu\\\/\",\"name\":\"Magyar Lev\u00e9lt\u00e1ri Port\u00e1l\",\"description\":\"Az online foly\u00f3irat\",\"publisher\":{\"@id\":\"https:\\\/\\\/archivportal.hu\\\/#organization\"},\"potentialAction\":[{\"@type\":\"SearchAction\",\"target\":{\"@type\":\"EntryPoint\",\"urlTemplate\":\"https:\\\/\\\/archivportal.hu\\\/?s={search_term_string}\"},\"query-input\":{\"@type\":\"PropertyValueSpecification\",\"valueRequired\":true,\"valueName\":\"search_term_string\"}}],\"inLanguage\":\"en-US\"},{\"@type\":\"Organization\",\"@id\":\"https:\\\/\\\/archivportal.hu\\\/#organization\",\"name\":\"Magyar Lev\u00e9lt\u00e1ri Port\u00e1l\",\"url\":\"https:\\\/\\\/archivportal.hu\\\/\",\"logo\":{\"@type\":\"ImageObject\",\"inLanguage\":\"en-US\",\"@id\":\"https:\\\/\\\/archivportal.hu\\\/#\\\/schema\\\/logo\\\/image\\\/\",\"url\":\"https:\\\/\\\/archivportal.hu\\\/wp-content\\\/uploads\\\/2022\\\/06\\\/MLP_logo_HU.png\",\"contentUrl\":\"https:\\\/\\\/archivportal.hu\\\/wp-content\\\/uploads\\\/2022\\\/06\\\/MLP_logo_HU.png\",\"width\":1252,\"height\":144,\"caption\":\"Magyar Lev\u00e9lt\u00e1ri Port\u00e1l\"},\"image\":{\"@id\":\"https:\\\/\\\/archivportal.hu\\\/#\\\/schema\\\/logo\\\/image\\\/\"},\"sameAs\":[\"https:\\\/\\\/www.facebook.com\\\/magyarleveltarosok.egyesulete\"]},{\"@type\":\"Person\",\"@id\":\"https:\\\/\\\/archivportal.hu\\\/#\\\/schema\\\/person\\\/e10bc28b832bab46e0a669599d3462f1\",\"name\":\"Garami Erika\",\"image\":{\"@type\":\"ImageObject\",\"inLanguage\":\"en-US\",\"@id\":\"https:\\\/\\\/secure.gravatar.com\\\/avatar\\\/0d425dd02bc6064252eb084ddfb6a378e0cbdaaad29d21513a52eb62caf8128b?s=96&d=mm&r=g\",\"url\":\"https:\\\/\\\/secure.gravatar.com\\\/avatar\\\/0d425dd02bc6064252eb084ddfb6a378e0cbdaaad29d21513a52eb62caf8128b?s=96&d=mm&r=g\",\"contentUrl\":\"https:\\\/\\\/secure.gravatar.com\\\/avatar\\\/0d425dd02bc6064252eb084ddfb6a378e0cbdaaad29d21513a52eb62caf8128b?s=96&d=mm&r=g\",\"caption\":\"Garami Erika\"},\"url\":\"https:\\\/\\\/archivportal.hu\\\/index.php\\\/author\\\/garami-erika\\\/\"}]}<\/script>\n<!-- \/ Yoast SEO plugin. -->","yoast_head_json":{"title":"Elhunyt \u00c1. Varga L\u00e1szl\u00f3 - Magyar Lev\u00e9lt\u00e1ri Port\u00e1l","robots":{"index":"index","follow":"follow","max-snippet":"max-snippet:-1","max-image-preview":"max-image-preview:large","max-video-preview":"max-video-preview:-1"},"og_locale":"en_US","og_type":"article","og_title":"Elhunyt \u00c1. Varga L\u00e1szl\u00f3 - Magyar Lev\u00e9lt\u00e1ri Port\u00e1l","og_description":"\u00c1. Varga L\u00e1szl\u00f3 1948. szeptember 7-\u00e9n sz\u00fcletett Biharkeresztesen. T\u00f6rt\u00e9nelem\u2013f\u00f6ldrajz szakos egyetemi diplom\u00e1j\u00e1t a Kossuth Lajos Tudom\u00e1nyegyetemen (Debrecen) szerezte 1973-ban, b\u00f6lcs\u00e9szdoktori c\u00edm\u00e9t ugyanott v\u00e9dte meg 1985-ben. 1973 \u00e9s 1982 k\u00f6z\u00f6tt a Heves Megyei Lev\u00e9lt\u00e1rban seg\u00e9dlev\u00e9lt\u00e1rosk\u00e9nt majd lev\u00e9lt\u00e1rosk\u00e9nt, 1982\u20131999-ben a N\u00f3gr\u00e1d Megyei Lev\u00e9lt\u00e1r igazgat\u00f3jak\u00e9nt dolgozott. Meghat\u00e1roz\u00f3 jelent\u0151s\u00e9g\u0171 volt a szakmai p\u00e1ly\u00e1j\u00e1n \u00fatj\u00e1ra bocs\u00e1t\u00f3 szellemi m\u0171hely, az \u00fan. [&hellip;]","og_url":"https:\/\/archivportal.hu\/index.php\/elhunyt-a-varga-laszlo\/","og_site_name":"Magyar Lev\u00e9lt\u00e1ri Port\u00e1l","article_publisher":"https:\/\/www.facebook.com\/magyarleveltarosok.egyesulete","article_published_time":"2023-11-07T10:10:03+00:00","article_modified_time":"2023-11-07T10:10:04+00:00","og_image":[{"width":2560,"height":2057,"url":"https:\/\/archivportal.hu\/wp-content\/uploads\/2023\/11\/A_Varga_L-scaled.jpg","type":"image\/jpeg"}],"author":"Garami Erika","twitter_card":"summary_large_image","twitter_misc":{"Written by":"Garami Erika","Est. reading time":"2 minutes"},"schema":{"@context":"https:\/\/schema.org","@graph":[{"@type":"Article","@id":"https:\/\/archivportal.hu\/index.php\/elhunyt-a-varga-laszlo\/#article","isPartOf":{"@id":"https:\/\/archivportal.hu\/index.php\/elhunyt-a-varga-laszlo\/"},"author":{"name":"Garami Erika","@id":"https:\/\/archivportal.hu\/#\/schema\/person\/e10bc28b832bab46e0a669599d3462f1"},"headline":"Elhunyt \u00c1. Varga L\u00e1szl\u00f3","datePublished":"2023-11-07T10:10:03+00:00","dateModified":"2023-11-07T10:10:04+00:00","mainEntityOfPage":{"@id":"https:\/\/archivportal.hu\/index.php\/elhunyt-a-varga-laszlo\/"},"wordCount":536,"publisher":{"@id":"https:\/\/archivportal.hu\/#organization"},"image":{"@id":"https:\/\/archivportal.hu\/index.php\/elhunyt-a-varga-laszlo\/#primaryimage"},"thumbnailUrl":"https:\/\/archivportal.hu\/wp-content\/uploads\/2023\/11\/A_Varga_L-scaled.jpg","articleSection":["H\u00edr"],"inLanguage":"en-US"},{"@type":"WebPage","@id":"https:\/\/archivportal.hu\/index.php\/elhunyt-a-varga-laszlo\/","url":"https:\/\/archivportal.hu\/index.php\/elhunyt-a-varga-laszlo\/","name":"Elhunyt \u00c1. Varga L\u00e1szl\u00f3 - Magyar Lev\u00e9lt\u00e1ri Port\u00e1l","isPartOf":{"@id":"https:\/\/archivportal.hu\/#website"},"primaryImageOfPage":{"@id":"https:\/\/archivportal.hu\/index.php\/elhunyt-a-varga-laszlo\/#primaryimage"},"image":{"@id":"https:\/\/archivportal.hu\/index.php\/elhunyt-a-varga-laszlo\/#primaryimage"},"thumbnailUrl":"https:\/\/archivportal.hu\/wp-content\/uploads\/2023\/11\/A_Varga_L-scaled.jpg","datePublished":"2023-11-07T10:10:03+00:00","dateModified":"2023-11-07T10:10:04+00:00","breadcrumb":{"@id":"https:\/\/archivportal.hu\/index.php\/elhunyt-a-varga-laszlo\/#breadcrumb"},"inLanguage":"en-US","potentialAction":[{"@type":"ReadAction","target":["https:\/\/archivportal.hu\/index.php\/elhunyt-a-varga-laszlo\/"]}]},{"@type":"ImageObject","inLanguage":"en-US","@id":"https:\/\/archivportal.hu\/index.php\/elhunyt-a-varga-laszlo\/#primaryimage","url":"https:\/\/archivportal.hu\/wp-content\/uploads\/2023\/11\/A_Varga_L-scaled.jpg","contentUrl":"https:\/\/archivportal.hu\/wp-content\/uploads\/2023\/11\/A_Varga_L-scaled.jpg","width":2560,"height":2057},{"@type":"BreadcrumbList","@id":"https:\/\/archivportal.hu\/index.php\/elhunyt-a-varga-laszlo\/#breadcrumb","itemListElement":[{"@type":"ListItem","position":1,"name":"Home","item":"https:\/\/archivportal.hu\/"},{"@type":"ListItem","position":2,"name":"Elhunyt \u00c1. Varga L\u00e1szl\u00f3"}]},{"@type":"WebSite","@id":"https:\/\/archivportal.hu\/#website","url":"https:\/\/archivportal.hu\/","name":"Magyar Lev\u00e9lt\u00e1ri Port\u00e1l","description":"Az online foly\u00f3irat","publisher":{"@id":"https:\/\/archivportal.hu\/#organization"},"potentialAction":[{"@type":"SearchAction","target":{"@type":"EntryPoint","urlTemplate":"https:\/\/archivportal.hu\/?s={search_term_string}"},"query-input":{"@type":"PropertyValueSpecification","valueRequired":true,"valueName":"search_term_string"}}],"inLanguage":"en-US"},{"@type":"Organization","@id":"https:\/\/archivportal.hu\/#organization","name":"Magyar Lev\u00e9lt\u00e1ri Port\u00e1l","url":"https:\/\/archivportal.hu\/","logo":{"@type":"ImageObject","inLanguage":"en-US","@id":"https:\/\/archivportal.hu\/#\/schema\/logo\/image\/","url":"https:\/\/archivportal.hu\/wp-content\/uploads\/2022\/06\/MLP_logo_HU.png","contentUrl":"https:\/\/archivportal.hu\/wp-content\/uploads\/2022\/06\/MLP_logo_HU.png","width":1252,"height":144,"caption":"Magyar Lev\u00e9lt\u00e1ri Port\u00e1l"},"image":{"@id":"https:\/\/archivportal.hu\/#\/schema\/logo\/image\/"},"sameAs":["https:\/\/www.facebook.com\/magyarleveltarosok.egyesulete"]},{"@type":"Person","@id":"https:\/\/archivportal.hu\/#\/schema\/person\/e10bc28b832bab46e0a669599d3462f1","name":"Garami Erika","image":{"@type":"ImageObject","inLanguage":"en-US","@id":"https:\/\/secure.gravatar.com\/avatar\/0d425dd02bc6064252eb084ddfb6a378e0cbdaaad29d21513a52eb62caf8128b?s=96&d=mm&r=g","url":"https:\/\/secure.gravatar.com\/avatar\/0d425dd02bc6064252eb084ddfb6a378e0cbdaaad29d21513a52eb62caf8128b?s=96&d=mm&r=g","contentUrl":"https:\/\/secure.gravatar.com\/avatar\/0d425dd02bc6064252eb084ddfb6a378e0cbdaaad29d21513a52eb62caf8128b?s=96&d=mm&r=g","caption":"Garami Erika"},"url":"https:\/\/archivportal.hu\/index.php\/author\/garami-erika\/"}]}},"_links":{"self":[{"href":"https:\/\/archivportal.hu\/index.php\/wp-json\/wp\/v2\/posts\/6520","targetHints":{"allow":["GET"]}}],"collection":[{"href":"https:\/\/archivportal.hu\/index.php\/wp-json\/wp\/v2\/posts"}],"about":[{"href":"https:\/\/archivportal.hu\/index.php\/wp-json\/wp\/v2\/types\/post"}],"author":[{"embeddable":true,"href":"https:\/\/archivportal.hu\/index.php\/wp-json\/wp\/v2\/users\/6"}],"replies":[{"embeddable":true,"href":"https:\/\/archivportal.hu\/index.php\/wp-json\/wp\/v2\/comments?post=6520"}],"version-history":[{"count":1,"href":"https:\/\/archivportal.hu\/index.php\/wp-json\/wp\/v2\/posts\/6520\/revisions"}],"predecessor-version":[{"id":6522,"href":"https:\/\/archivportal.hu\/index.php\/wp-json\/wp\/v2\/posts\/6520\/revisions\/6522"}],"wp:featuredmedia":[{"embeddable":true,"href":"https:\/\/archivportal.hu\/index.php\/wp-json\/wp\/v2\/media\/6521"}],"wp:attachment":[{"href":"https:\/\/archivportal.hu\/index.php\/wp-json\/wp\/v2\/media?parent=6520"}],"wp:term":[{"taxonomy":"category","embeddable":true,"href":"https:\/\/archivportal.hu\/index.php\/wp-json\/wp\/v2\/categories?post=6520"},{"taxonomy":"post_tag","embeddable":true,"href":"https:\/\/archivportal.hu\/index.php\/wp-json\/wp\/v2\/tags?post=6520"}],"curies":[{"name":"wp","href":"https:\/\/api.w.org\/{rel}","templated":true}]}}