{"id":6588,"date":"2024-02-12T08:34:05","date_gmt":"2024-02-12T08:34:05","guid":{"rendered":"https:\/\/archivportal.hu\/?p=6588"},"modified":"2024-02-12T08:35:59","modified_gmt":"2024-02-12T08:35:59","slug":"leveltar-pedagogiai-workshop-az-abtl-ben","status":"publish","type":"post","link":"https:\/\/archivportal.hu\/index.php\/leveltar-pedagogiai-workshop-az-abtl-ben\/","title":{"rendered":"Lev\u00e9lt\u00e1r-pedag\u00f3giai workshop az \u00c1BTL-ben"},"content":{"rendered":"\n<p>Az \u00c1llambiztons\u00e1gi Szolg\u00e1latok T\u00f6rt\u00e9neti Lev\u00e9lt\u00e1ra \u00e9s a Magyar Lev\u00e9lt\u00e1rosok Egyes\u00fclete Lev\u00e9lt\u00e1r-pedag\u00f3giai Szekci\u00f3ja H\u00e9t lev\u00e9lt\u00e1r \u2013 h\u00e9t k\u00f6z\u00e9piskolai foglalkoz\u00e1s a t\u00f6rt\u00e9nelem k\u00fcl\u00f6nb\u00f6z\u0151 korszakaib\u00f3l c\u00edmmel lev\u00e9lt\u00e1r-pedag\u00f3giai tov\u00e1bbk\u00e9pz\u00e9st szervez.<\/p>\n\n\n\n<p>A k\u00e9pz\u00e9s helysz\u00edne: \u00c1BTL, 1067 Budapest, E\u00f6tv\u00f6s utca 7.<br>Id\u0151pont: 2024. febru\u00e1r 23. (p\u00e9ntek), 11:00\u201315:00<\/p>\n\n\n\n<div data-wp-interactive=\"core\/file\" class=\"wp-block-file\"><object data-wp-bind--hidden=\"!state.hasPdfPreview\" hidden class=\"wp-block-file__embed\" data=\"https:\/\/archivportal.hu\/wp-content\/uploads\/2024\/02\/ABTL_Meghivo.pdf\" type=\"application\/pdf\" style=\"width:100%;height:600px\" aria-label=\"Embed of ABTL_Meghivo.\"><\/object><a id=\"wp-block-file--media-000710a8-8f10-47e1-a40d-a5d171765193\" href=\"https:\/\/archivportal.hu\/wp-content\/uploads\/2024\/02\/ABTL_Meghivo.pdf\">ABTL_Meghivo<\/a><a href=\"https:\/\/archivportal.hu\/wp-content\/uploads\/2024\/02\/ABTL_Meghivo.pdf\" class=\"wp-block-file__button wp-element-button\" download aria-describedby=\"wp-block-file--media-000710a8-8f10-47e1-a40d-a5d171765193\">Let\u00f6lt\u00e9s<\/a><\/div>\n","protected":false},"excerpt":{"rendered":"<p>Az \u00c1llambiztons\u00e1gi Szolg\u00e1latok T\u00f6rt\u00e9neti Lev\u00e9lt\u00e1ra \u00e9s a Magyar Lev\u00e9lt\u00e1rosok Egyes\u00fclete Lev\u00e9lt\u00e1r-pedag\u00f3giai Szekci\u00f3ja H\u00e9t lev\u00e9lt\u00e1r \u2013 h\u00e9t k\u00f6z\u00e9piskolai foglalkoz\u00e1s a t\u00f6rt\u00e9nelem k\u00fcl\u00f6nb\u00f6z\u0151 korszakaib\u00f3l c\u00edmmel lev\u00e9lt\u00e1r-pedag\u00f3giai tov\u00e1bbk\u00e9pz\u00e9st szervez. A k\u00e9pz\u00e9s helysz\u00edne: \u00c1BTL, 1067 Budapest, E\u00f6tv\u00f6s utca 7.Id\u0151pont: 2024. febru\u00e1r 23. (p\u00e9ntek), 11:00\u201315:00<\/p>\n","protected":false},"author":3,"featured_media":6591,"comment_status":"closed","ping_status":"open","sticky":false,"template":"","format":"standard","meta":{"_acf_changed":false,"footnotes":"","_links_to":"","_links_to_target":""},"categories":[1],"tags":[],"class_list":["post-6588","post","type-post","status-publish","format-standard","has-post-thumbnail","hentry","category-hir"],"acf":[],"yoast_head":"<!-- This site is optimized with the Yoast SEO plugin v27.4 - https:\/\/yoast.com\/product\/yoast-seo-wordpress\/ -->\n<title>Lev\u00e9lt\u00e1r-pedag\u00f3giai workshop az \u00c1BTL-ben - Magyar Lev\u00e9lt\u00e1ri Port\u00e1l<\/title>\n<meta name=\"robots\" content=\"index, follow, max-snippet:-1, max-image-preview:large, max-video-preview:-1\" \/>\n<meta property=\"og:locale\" content=\"en_US\" \/>\n<meta property=\"og:type\" content=\"article\" \/>\n<meta property=\"og:title\" content=\"Lev\u00e9lt\u00e1r-pedag\u00f3giai workshop az \u00c1BTL-ben - Magyar Lev\u00e9lt\u00e1ri Port\u00e1l\" \/>\n<meta property=\"og:description\" content=\"Az \u00c1llambiztons\u00e1gi Szolg\u00e1latok T\u00f6rt\u00e9neti Lev\u00e9lt\u00e1ra \u00e9s a Magyar Lev\u00e9lt\u00e1rosok Egyes\u00fclete Lev\u00e9lt\u00e1r-pedag\u00f3giai Szekci\u00f3ja H\u00e9t lev\u00e9lt\u00e1r \u2013 h\u00e9t k\u00f6z\u00e9piskolai foglalkoz\u00e1s a t\u00f6rt\u00e9nelem k\u00fcl\u00f6nb\u00f6z\u0151 korszakaib\u00f3l c\u00edmmel lev\u00e9lt\u00e1r-pedag\u00f3giai tov\u00e1bbk\u00e9pz\u00e9st szervez. A k\u00e9pz\u00e9s helysz\u00edne: \u00c1BTL, 1067 Budapest, E\u00f6tv\u00f6s utca 7.Id\u0151pont: 2024. febru\u00e1r 23. (p\u00e9ntek), 11:00\u201315:00\" \/>\n<meta property=\"og:url\" content=\"https:\/\/archivportal.hu\/index.php\/leveltar-pedagogiai-workshop-az-abtl-ben\/\" \/>\n<meta property=\"og:site_name\" content=\"Magyar Lev\u00e9lt\u00e1ri Port\u00e1l\" \/>\n<meta property=\"article:publisher\" content=\"https:\/\/www.facebook.com\/magyarleveltarosok.egyesulete\" \/>\n<meta property=\"article:published_time\" content=\"2024-02-12T08:34:05+00:00\" \/>\n<meta property=\"article:modified_time\" content=\"2024-02-12T08:35:59+00:00\" \/>\n<meta property=\"og:image\" content=\"https:\/\/archivportal.hu\/wp-content\/uploads\/2024\/02\/Kepernyokep-2024-02-12-093503.png\" \/>\n\t<meta property=\"og:image:width\" content=\"1248\" \/>\n\t<meta property=\"og:image:height\" content=\"906\" \/>\n\t<meta property=\"og:image:type\" content=\"image\/png\" \/>\n<meta name=\"author\" content=\"Ternovacz Balint\" \/>\n<meta name=\"twitter:card\" content=\"summary_large_image\" \/>\n<meta name=\"twitter:label1\" content=\"Written by\" \/>\n\t<meta name=\"twitter:data1\" content=\"Ternovacz Balint\" \/>\n\t<meta name=\"twitter:label2\" content=\"Est. reading time\" \/>\n\t<meta name=\"twitter:data2\" content=\"1 minute\" \/>\n<script type=\"application\/ld+json\" class=\"yoast-schema-graph\">{\"@context\":\"https:\\\/\\\/schema.org\",\"@graph\":[{\"@type\":\"Article\",\"@id\":\"https:\\\/\\\/archivportal.hu\\\/index.php\\\/leveltar-pedagogiai-workshop-az-abtl-ben\\\/#article\",\"isPartOf\":{\"@id\":\"https:\\\/\\\/archivportal.hu\\\/index.php\\\/leveltar-pedagogiai-workshop-az-abtl-ben\\\/\"},\"author\":{\"name\":\"Ternovacz Balint\",\"@id\":\"https:\\\/\\\/archivportal.hu\\\/#\\\/schema\\\/person\\\/231cf595275618403082675708746a44\"},\"headline\":\"Lev\u00e9lt\u00e1r-pedag\u00f3giai workshop az \u00c1BTL-ben\",\"datePublished\":\"2024-02-12T08:34:05+00:00\",\"dateModified\":\"2024-02-12T08:35:59+00:00\",\"mainEntityOfPage\":{\"@id\":\"https:\\\/\\\/archivportal.hu\\\/index.php\\\/leveltar-pedagogiai-workshop-az-abtl-ben\\\/\"},\"wordCount\":88,\"publisher\":{\"@id\":\"https:\\\/\\\/archivportal.hu\\\/#organization\"},\"image\":{\"@id\":\"https:\\\/\\\/archivportal.hu\\\/index.php\\\/leveltar-pedagogiai-workshop-az-abtl-ben\\\/#primaryimage\"},\"thumbnailUrl\":\"https:\\\/\\\/archivportal.hu\\\/wp-content\\\/uploads\\\/2024\\\/02\\\/Kepernyokep-2024-02-12-093503.png\",\"articleSection\":[\"H\u00edr\"],\"inLanguage\":\"en-US\"},{\"@type\":\"WebPage\",\"@id\":\"https:\\\/\\\/archivportal.hu\\\/index.php\\\/leveltar-pedagogiai-workshop-az-abtl-ben\\\/\",\"url\":\"https:\\\/\\\/archivportal.hu\\\/index.php\\\/leveltar-pedagogiai-workshop-az-abtl-ben\\\/\",\"name\":\"Lev\u00e9lt\u00e1r-pedag\u00f3giai workshop az \u00c1BTL-ben - Magyar Lev\u00e9lt\u00e1ri Port\u00e1l\",\"isPartOf\":{\"@id\":\"https:\\\/\\\/archivportal.hu\\\/#website\"},\"primaryImageOfPage\":{\"@id\":\"https:\\\/\\\/archivportal.hu\\\/index.php\\\/leveltar-pedagogiai-workshop-az-abtl-ben\\\/#primaryimage\"},\"image\":{\"@id\":\"https:\\\/\\\/archivportal.hu\\\/index.php\\\/leveltar-pedagogiai-workshop-az-abtl-ben\\\/#primaryimage\"},\"thumbnailUrl\":\"https:\\\/\\\/archivportal.hu\\\/wp-content\\\/uploads\\\/2024\\\/02\\\/Kepernyokep-2024-02-12-093503.png\",\"datePublished\":\"2024-02-12T08:34:05+00:00\",\"dateModified\":\"2024-02-12T08:35:59+00:00\",\"breadcrumb\":{\"@id\":\"https:\\\/\\\/archivportal.hu\\\/index.php\\\/leveltar-pedagogiai-workshop-az-abtl-ben\\\/#breadcrumb\"},\"inLanguage\":\"en-US\",\"potentialAction\":[{\"@type\":\"ReadAction\",\"target\":[\"https:\\\/\\\/archivportal.hu\\\/index.php\\\/leveltar-pedagogiai-workshop-az-abtl-ben\\\/\"]}]},{\"@type\":\"ImageObject\",\"inLanguage\":\"en-US\",\"@id\":\"https:\\\/\\\/archivportal.hu\\\/index.php\\\/leveltar-pedagogiai-workshop-az-abtl-ben\\\/#primaryimage\",\"url\":\"https:\\\/\\\/archivportal.hu\\\/wp-content\\\/uploads\\\/2024\\\/02\\\/Kepernyokep-2024-02-12-093503.png\",\"contentUrl\":\"https:\\\/\\\/archivportal.hu\\\/wp-content\\\/uploads\\\/2024\\\/02\\\/Kepernyokep-2024-02-12-093503.png\",\"width\":1248,\"height\":906},{\"@type\":\"BreadcrumbList\",\"@id\":\"https:\\\/\\\/archivportal.hu\\\/index.php\\\/leveltar-pedagogiai-workshop-az-abtl-ben\\\/#breadcrumb\",\"itemListElement\":[{\"@type\":\"ListItem\",\"position\":1,\"name\":\"Home\",\"item\":\"https:\\\/\\\/archivportal.hu\\\/\"},{\"@type\":\"ListItem\",\"position\":2,\"name\":\"Lev\u00e9lt\u00e1r-pedag\u00f3giai workshop az \u00c1BTL-ben\"}]},{\"@type\":\"WebSite\",\"@id\":\"https:\\\/\\\/archivportal.hu\\\/#website\",\"url\":\"https:\\\/\\\/archivportal.hu\\\/\",\"name\":\"Magyar Lev\u00e9lt\u00e1ri Port\u00e1l\",\"description\":\"Az online foly\u00f3irat\",\"publisher\":{\"@id\":\"https:\\\/\\\/archivportal.hu\\\/#organization\"},\"potentialAction\":[{\"@type\":\"SearchAction\",\"target\":{\"@type\":\"EntryPoint\",\"urlTemplate\":\"https:\\\/\\\/archivportal.hu\\\/?s={search_term_string}\"},\"query-input\":{\"@type\":\"PropertyValueSpecification\",\"valueRequired\":true,\"valueName\":\"search_term_string\"}}],\"inLanguage\":\"en-US\"},{\"@type\":\"Organization\",\"@id\":\"https:\\\/\\\/archivportal.hu\\\/#organization\",\"name\":\"Magyar Lev\u00e9lt\u00e1ri Port\u00e1l\",\"url\":\"https:\\\/\\\/archivportal.hu\\\/\",\"logo\":{\"@type\":\"ImageObject\",\"inLanguage\":\"en-US\",\"@id\":\"https:\\\/\\\/archivportal.hu\\\/#\\\/schema\\\/logo\\\/image\\\/\",\"url\":\"https:\\\/\\\/archivportal.hu\\\/wp-content\\\/uploads\\\/2022\\\/06\\\/MLP_logo_HU.png\",\"contentUrl\":\"https:\\\/\\\/archivportal.hu\\\/wp-content\\\/uploads\\\/2022\\\/06\\\/MLP_logo_HU.png\",\"width\":1252,\"height\":144,\"caption\":\"Magyar Lev\u00e9lt\u00e1ri Port\u00e1l\"},\"image\":{\"@id\":\"https:\\\/\\\/archivportal.hu\\\/#\\\/schema\\\/logo\\\/image\\\/\"},\"sameAs\":[\"https:\\\/\\\/www.facebook.com\\\/magyarleveltarosok.egyesulete\"]},{\"@type\":\"Person\",\"@id\":\"https:\\\/\\\/archivportal.hu\\\/#\\\/schema\\\/person\\\/231cf595275618403082675708746a44\",\"name\":\"Ternovacz Balint\",\"image\":{\"@type\":\"ImageObject\",\"inLanguage\":\"en-US\",\"@id\":\"https:\\\/\\\/secure.gravatar.com\\\/avatar\\\/50ccbec506f1beed0bc164006d91a3b8a2f082d5df5136373dbeb00162e93fdc?s=96&d=mm&r=g\",\"url\":\"https:\\\/\\\/secure.gravatar.com\\\/avatar\\\/50ccbec506f1beed0bc164006d91a3b8a2f082d5df5136373dbeb00162e93fdc?s=96&d=mm&r=g\",\"contentUrl\":\"https:\\\/\\\/secure.gravatar.com\\\/avatar\\\/50ccbec506f1beed0bc164006d91a3b8a2f082d5df5136373dbeb00162e93fdc?s=96&d=mm&r=g\",\"caption\":\"Ternovacz Balint\"},\"url\":\"https:\\\/\\\/archivportal.hu\\\/index.php\\\/author\\\/ternovacz-balint\\\/\"}]}<\/script>\n<!-- \/ Yoast SEO plugin. -->","yoast_head_json":{"title":"Lev\u00e9lt\u00e1r-pedag\u00f3giai workshop az \u00c1BTL-ben - Magyar Lev\u00e9lt\u00e1ri Port\u00e1l","robots":{"index":"index","follow":"follow","max-snippet":"max-snippet:-1","max-image-preview":"max-image-preview:large","max-video-preview":"max-video-preview:-1"},"og_locale":"en_US","og_type":"article","og_title":"Lev\u00e9lt\u00e1r-pedag\u00f3giai workshop az \u00c1BTL-ben - Magyar Lev\u00e9lt\u00e1ri Port\u00e1l","og_description":"Az \u00c1llambiztons\u00e1gi Szolg\u00e1latok T\u00f6rt\u00e9neti Lev\u00e9lt\u00e1ra \u00e9s a Magyar Lev\u00e9lt\u00e1rosok Egyes\u00fclete Lev\u00e9lt\u00e1r-pedag\u00f3giai Szekci\u00f3ja H\u00e9t lev\u00e9lt\u00e1r \u2013 h\u00e9t k\u00f6z\u00e9piskolai foglalkoz\u00e1s a t\u00f6rt\u00e9nelem k\u00fcl\u00f6nb\u00f6z\u0151 korszakaib\u00f3l c\u00edmmel lev\u00e9lt\u00e1r-pedag\u00f3giai tov\u00e1bbk\u00e9pz\u00e9st szervez. A k\u00e9pz\u00e9s helysz\u00edne: \u00c1BTL, 1067 Budapest, E\u00f6tv\u00f6s utca 7.Id\u0151pont: 2024. febru\u00e1r 23. (p\u00e9ntek), 11:00\u201315:00","og_url":"https:\/\/archivportal.hu\/index.php\/leveltar-pedagogiai-workshop-az-abtl-ben\/","og_site_name":"Magyar Lev\u00e9lt\u00e1ri Port\u00e1l","article_publisher":"https:\/\/www.facebook.com\/magyarleveltarosok.egyesulete","article_published_time":"2024-02-12T08:34:05+00:00","article_modified_time":"2024-02-12T08:35:59+00:00","og_image":[{"width":1248,"height":906,"url":"https:\/\/archivportal.hu\/wp-content\/uploads\/2024\/02\/Kepernyokep-2024-02-12-093503.png","type":"image\/png"}],"author":"Ternovacz Balint","twitter_card":"summary_large_image","twitter_misc":{"Written by":"Ternovacz Balint","Est. reading time":"1 minute"},"schema":{"@context":"https:\/\/schema.org","@graph":[{"@type":"Article","@id":"https:\/\/archivportal.hu\/index.php\/leveltar-pedagogiai-workshop-az-abtl-ben\/#article","isPartOf":{"@id":"https:\/\/archivportal.hu\/index.php\/leveltar-pedagogiai-workshop-az-abtl-ben\/"},"author":{"name":"Ternovacz Balint","@id":"https:\/\/archivportal.hu\/#\/schema\/person\/231cf595275618403082675708746a44"},"headline":"Lev\u00e9lt\u00e1r-pedag\u00f3giai workshop az \u00c1BTL-ben","datePublished":"2024-02-12T08:34:05+00:00","dateModified":"2024-02-12T08:35:59+00:00","mainEntityOfPage":{"@id":"https:\/\/archivportal.hu\/index.php\/leveltar-pedagogiai-workshop-az-abtl-ben\/"},"wordCount":88,"publisher":{"@id":"https:\/\/archivportal.hu\/#organization"},"image":{"@id":"https:\/\/archivportal.hu\/index.php\/leveltar-pedagogiai-workshop-az-abtl-ben\/#primaryimage"},"thumbnailUrl":"https:\/\/archivportal.hu\/wp-content\/uploads\/2024\/02\/Kepernyokep-2024-02-12-093503.png","articleSection":["H\u00edr"],"inLanguage":"en-US"},{"@type":"WebPage","@id":"https:\/\/archivportal.hu\/index.php\/leveltar-pedagogiai-workshop-az-abtl-ben\/","url":"https:\/\/archivportal.hu\/index.php\/leveltar-pedagogiai-workshop-az-abtl-ben\/","name":"Lev\u00e9lt\u00e1r-pedag\u00f3giai workshop az \u00c1BTL-ben - Magyar Lev\u00e9lt\u00e1ri Port\u00e1l","isPartOf":{"@id":"https:\/\/archivportal.hu\/#website"},"primaryImageOfPage":{"@id":"https:\/\/archivportal.hu\/index.php\/leveltar-pedagogiai-workshop-az-abtl-ben\/#primaryimage"},"image":{"@id":"https:\/\/archivportal.hu\/index.php\/leveltar-pedagogiai-workshop-az-abtl-ben\/#primaryimage"},"thumbnailUrl":"https:\/\/archivportal.hu\/wp-content\/uploads\/2024\/02\/Kepernyokep-2024-02-12-093503.png","datePublished":"2024-02-12T08:34:05+00:00","dateModified":"2024-02-12T08:35:59+00:00","breadcrumb":{"@id":"https:\/\/archivportal.hu\/index.php\/leveltar-pedagogiai-workshop-az-abtl-ben\/#breadcrumb"},"inLanguage":"en-US","potentialAction":[{"@type":"ReadAction","target":["https:\/\/archivportal.hu\/index.php\/leveltar-pedagogiai-workshop-az-abtl-ben\/"]}]},{"@type":"ImageObject","inLanguage":"en-US","@id":"https:\/\/archivportal.hu\/index.php\/leveltar-pedagogiai-workshop-az-abtl-ben\/#primaryimage","url":"https:\/\/archivportal.hu\/wp-content\/uploads\/2024\/02\/Kepernyokep-2024-02-12-093503.png","contentUrl":"https:\/\/archivportal.hu\/wp-content\/uploads\/2024\/02\/Kepernyokep-2024-02-12-093503.png","width":1248,"height":906},{"@type":"BreadcrumbList","@id":"https:\/\/archivportal.hu\/index.php\/leveltar-pedagogiai-workshop-az-abtl-ben\/#breadcrumb","itemListElement":[{"@type":"ListItem","position":1,"name":"Home","item":"https:\/\/archivportal.hu\/"},{"@type":"ListItem","position":2,"name":"Lev\u00e9lt\u00e1r-pedag\u00f3giai workshop az \u00c1BTL-ben"}]},{"@type":"WebSite","@id":"https:\/\/archivportal.hu\/#website","url":"https:\/\/archivportal.hu\/","name":"Magyar Lev\u00e9lt\u00e1ri Port\u00e1l","description":"Az online foly\u00f3irat","publisher":{"@id":"https:\/\/archivportal.hu\/#organization"},"potentialAction":[{"@type":"SearchAction","target":{"@type":"EntryPoint","urlTemplate":"https:\/\/archivportal.hu\/?s={search_term_string}"},"query-input":{"@type":"PropertyValueSpecification","valueRequired":true,"valueName":"search_term_string"}}],"inLanguage":"en-US"},{"@type":"Organization","@id":"https:\/\/archivportal.hu\/#organization","name":"Magyar Lev\u00e9lt\u00e1ri Port\u00e1l","url":"https:\/\/archivportal.hu\/","logo":{"@type":"ImageObject","inLanguage":"en-US","@id":"https:\/\/archivportal.hu\/#\/schema\/logo\/image\/","url":"https:\/\/archivportal.hu\/wp-content\/uploads\/2022\/06\/MLP_logo_HU.png","contentUrl":"https:\/\/archivportal.hu\/wp-content\/uploads\/2022\/06\/MLP_logo_HU.png","width":1252,"height":144,"caption":"Magyar Lev\u00e9lt\u00e1ri Port\u00e1l"},"image":{"@id":"https:\/\/archivportal.hu\/#\/schema\/logo\/image\/"},"sameAs":["https:\/\/www.facebook.com\/magyarleveltarosok.egyesulete"]},{"@type":"Person","@id":"https:\/\/archivportal.hu\/#\/schema\/person\/231cf595275618403082675708746a44","name":"Ternovacz Balint","image":{"@type":"ImageObject","inLanguage":"en-US","@id":"https:\/\/secure.gravatar.com\/avatar\/50ccbec506f1beed0bc164006d91a3b8a2f082d5df5136373dbeb00162e93fdc?s=96&d=mm&r=g","url":"https:\/\/secure.gravatar.com\/avatar\/50ccbec506f1beed0bc164006d91a3b8a2f082d5df5136373dbeb00162e93fdc?s=96&d=mm&r=g","contentUrl":"https:\/\/secure.gravatar.com\/avatar\/50ccbec506f1beed0bc164006d91a3b8a2f082d5df5136373dbeb00162e93fdc?s=96&d=mm&r=g","caption":"Ternovacz Balint"},"url":"https:\/\/archivportal.hu\/index.php\/author\/ternovacz-balint\/"}]}},"_links":{"self":[{"href":"https:\/\/archivportal.hu\/index.php\/wp-json\/wp\/v2\/posts\/6588","targetHints":{"allow":["GET"]}}],"collection":[{"href":"https:\/\/archivportal.hu\/index.php\/wp-json\/wp\/v2\/posts"}],"about":[{"href":"https:\/\/archivportal.hu\/index.php\/wp-json\/wp\/v2\/types\/post"}],"author":[{"embeddable":true,"href":"https:\/\/archivportal.hu\/index.php\/wp-json\/wp\/v2\/users\/3"}],"replies":[{"embeddable":true,"href":"https:\/\/archivportal.hu\/index.php\/wp-json\/wp\/v2\/comments?post=6588"}],"version-history":[{"count":1,"href":"https:\/\/archivportal.hu\/index.php\/wp-json\/wp\/v2\/posts\/6588\/revisions"}],"predecessor-version":[{"id":6590,"href":"https:\/\/archivportal.hu\/index.php\/wp-json\/wp\/v2\/posts\/6588\/revisions\/6590"}],"wp:featuredmedia":[{"embeddable":true,"href":"https:\/\/archivportal.hu\/index.php\/wp-json\/wp\/v2\/media\/6591"}],"wp:attachment":[{"href":"https:\/\/archivportal.hu\/index.php\/wp-json\/wp\/v2\/media?parent=6588"}],"wp:term":[{"taxonomy":"category","embeddable":true,"href":"https:\/\/archivportal.hu\/index.php\/wp-json\/wp\/v2\/categories?post=6588"},{"taxonomy":"post_tag","embeddable":true,"href":"https:\/\/archivportal.hu\/index.php\/wp-json\/wp\/v2\/tags?post=6588"}],"curies":[{"name":"wp","href":"https:\/\/api.w.org\/{rel}","templated":true}]}}