{"id":7331,"date":"2025-03-11T10:32:45","date_gmt":"2025-03-11T10:32:45","guid":{"rendered":"https:\/\/archivportal.hu\/?p=7331"},"modified":"2025-03-11T10:32:46","modified_gmt":"2025-03-11T10:32:46","slug":"1700-as-evekbol-szarmazo-puspokvaci-jegyzokonyv-kerult-vac-varos-leveltara-birtokaba","status":"publish","type":"post","link":"https:\/\/archivportal.hu\/index.php\/1700-as-evekbol-szarmazo-puspokvaci-jegyzokonyv-kerult-vac-varos-leveltara-birtokaba\/","title":{"rendered":"1700-as \u00e9vekb\u0151l sz\u00e1rmaz\u00f3 p\u00fcsp\u00f6kv\u00e1ci jegyz\u0151k\u00f6nyv ker\u00fclt V\u00e1c V\u00e1ros Lev\u00e9lt\u00e1ra birtok\u00e1ba"},"content":{"rendered":"\n<p><strong>Mag\u00e1nszem\u00e9lyek nagylelk\u0171 adom\u00e1nyainak k\u00f6sz\u00f6nhet\u0151en egy 1700-as \u00e9vekb\u0151l sz\u00e1rmaz\u00f3 p\u00fcsp\u00f6kv\u00e1ci jegyz\u0151k\u00f6nyv ker\u00fclt V\u00e1c V\u00e1ros Lev\u00e9lt\u00e1ra birtok\u00e1ba<\/strong><\/p>\n\n\n\n<p>Az 1717\u20131740 k\u00f6z\u00f6tt vezetett p\u00fcsp\u00f6kv\u00e1ci tan\u00e1cs\u00fcl\u00e9si jegyz\u0151k\u00f6nyv hossz\u00fa \u00e9vtizedek \u00f3ta ismeretlen helyen lappangott, v\u00e9gleg elveszettnek t\u0171nt \u2013 eg\u00e9szen a k\u00f6zelm\u00faltig, ugyanis nemr\u00e9g felbukkant a K\u00f6zponti Antikv\u00e1rium egyik aukci\u00f3j\u00e1n.<\/p>\n\n\n\n<p>A kiemelked\u0151 v\u00e1rost\u00f6rt\u00e9neti \u00e9rt\u00e9kkel b\u00edr\u00f3 k\u00f6tetre a kiki\u00e1lt\u00e1si \u00e1r \u00f6sszeg\u00e9t&nbsp; a V\u00e1ci M\u00fazeum Egyes\u00fclet tagjai adt\u00e1k \u00f6ssze, saj\u00e1t forr\u00e1saikb\u00f3l.<\/p>\n\n\n\n<p>A h\u00edrr\u0151l vide\u00f3s \u00f6sszefoglal\u00f3<a href=\"https:\/\/www.facebook.com\/watch\/?v=622844647397321\"> itt n\u00e9zhet\u0151 meg<\/a>.<\/p>\n\n\n\n<p>A k\u00e9p forr\u00e1sa:<a href=\"https:\/\/www.vac.hu\/egy-1700-as-evekbol-szarmazo-vaci-jegyzokonyv-kerult-a-leveltar-birtokaba\/\"> vac.hu<\/a><\/p>\n\n\n\n<figure class=\"wp-block-image size-large\"><img fetchpriority=\"high\" decoding=\"async\" width=\"1024\" height=\"793\" src=\"https:\/\/archivportal.hu\/wp-content\/uploads\/2025\/03\/VACI-HIRNOK-20-1-1024x793.jpg\" alt=\"\" class=\"wp-image-7332\" srcset=\"https:\/\/archivportal.hu\/wp-content\/uploads\/2025\/03\/VACI-HIRNOK-20-1-1024x793.jpg 1024w, https:\/\/archivportal.hu\/wp-content\/uploads\/2025\/03\/VACI-HIRNOK-20-1-300x232.jpg 300w, https:\/\/archivportal.hu\/wp-content\/uploads\/2025\/03\/VACI-HIRNOK-20-1-768x595.jpg 768w, https:\/\/archivportal.hu\/wp-content\/uploads\/2025\/03\/VACI-HIRNOK-20-1-1536x1190.jpg 1536w, https:\/\/archivportal.hu\/wp-content\/uploads\/2025\/03\/VACI-HIRNOK-20-1.jpg 1663w\" sizes=\"(max-width: 1024px) 100vw, 1024px\" \/><\/figure>\n","protected":false},"excerpt":{"rendered":"<p>Mag\u00e1nszem\u00e9lyek nagylelk\u0171 adom\u00e1nyainak k\u00f6sz\u00f6nhet\u0151en egy 1700-as \u00e9vekb\u0151l sz\u00e1rmaz\u00f3 p\u00fcsp\u00f6kv\u00e1ci jegyz\u0151k\u00f6nyv ker\u00fclt V\u00e1c V\u00e1ros Lev\u00e9lt\u00e1ra birtok\u00e1ba Az 1717\u20131740 k\u00f6z\u00f6tt vezetett p\u00fcsp\u00f6kv\u00e1ci tan\u00e1cs\u00fcl\u00e9si jegyz\u0151k\u00f6nyv hossz\u00fa \u00e9vtizedek \u00f3ta ismeretlen helyen lappangott, v\u00e9gleg elveszettnek t\u0171nt \u2013 eg\u00e9szen a k\u00f6zelm\u00faltig, ugyanis nemr\u00e9g felbukkant a K\u00f6zponti Antikv\u00e1rium egyik aukci\u00f3j\u00e1n. A kiemelked\u0151 v\u00e1rost\u00f6rt\u00e9neti \u00e9rt\u00e9kkel b\u00edr\u00f3 k\u00f6tetre a kiki\u00e1lt\u00e1si \u00e1r \u00f6sszeg\u00e9t&nbsp; a V\u00e1ci [&hellip;]<\/p>\n","protected":false},"author":3,"featured_media":7332,"comment_status":"closed","ping_status":"open","sticky":false,"template":"","format":"standard","meta":{"_acf_changed":false,"footnotes":"","_links_to":"","_links_to_target":""},"categories":[1],"tags":[],"class_list":["post-7331","post","type-post","status-publish","format-standard","has-post-thumbnail","hentry","category-hir"],"acf":[],"yoast_head":"<!-- This site is optimized with the Yoast SEO plugin v27.5 - https:\/\/yoast.com\/product\/yoast-seo-wordpress\/ -->\n<title>1700-as \u00e9vekb\u0151l sz\u00e1rmaz\u00f3 p\u00fcsp\u00f6kv\u00e1ci jegyz\u0151k\u00f6nyv ker\u00fclt V\u00e1c V\u00e1ros Lev\u00e9lt\u00e1ra birtok\u00e1ba - Magyar Lev\u00e9lt\u00e1ri Port\u00e1l<\/title>\n<meta name=\"robots\" content=\"index, follow, max-snippet:-1, max-image-preview:large, max-video-preview:-1\" \/>\n<meta property=\"og:locale\" content=\"en_US\" \/>\n<meta property=\"og:type\" content=\"article\" \/>\n<meta property=\"og:title\" content=\"1700-as \u00e9vekb\u0151l sz\u00e1rmaz\u00f3 p\u00fcsp\u00f6kv\u00e1ci jegyz\u0151k\u00f6nyv ker\u00fclt V\u00e1c V\u00e1ros Lev\u00e9lt\u00e1ra birtok\u00e1ba - Magyar Lev\u00e9lt\u00e1ri Port\u00e1l\" \/>\n<meta property=\"og:description\" content=\"Mag\u00e1nszem\u00e9lyek nagylelk\u0171 adom\u00e1nyainak k\u00f6sz\u00f6nhet\u0151en egy 1700-as \u00e9vekb\u0151l sz\u00e1rmaz\u00f3 p\u00fcsp\u00f6kv\u00e1ci jegyz\u0151k\u00f6nyv ker\u00fclt V\u00e1c V\u00e1ros Lev\u00e9lt\u00e1ra birtok\u00e1ba Az 1717\u20131740 k\u00f6z\u00f6tt vezetett p\u00fcsp\u00f6kv\u00e1ci tan\u00e1cs\u00fcl\u00e9si jegyz\u0151k\u00f6nyv hossz\u00fa \u00e9vtizedek \u00f3ta ismeretlen helyen lappangott, v\u00e9gleg elveszettnek t\u0171nt \u2013 eg\u00e9szen a k\u00f6zelm\u00faltig, ugyanis nemr\u00e9g felbukkant a K\u00f6zponti Antikv\u00e1rium egyik aukci\u00f3j\u00e1n. A kiemelked\u0151 v\u00e1rost\u00f6rt\u00e9neti \u00e9rt\u00e9kkel b\u00edr\u00f3 k\u00f6tetre a kiki\u00e1lt\u00e1si \u00e1r \u00f6sszeg\u00e9t&nbsp; a V\u00e1ci [&hellip;]\" \/>\n<meta property=\"og:url\" content=\"https:\/\/archivportal.hu\/index.php\/1700-as-evekbol-szarmazo-puspokvaci-jegyzokonyv-kerult-vac-varos-leveltara-birtokaba\/\" \/>\n<meta property=\"og:site_name\" content=\"Magyar Lev\u00e9lt\u00e1ri Port\u00e1l\" \/>\n<meta property=\"article:publisher\" content=\"https:\/\/www.facebook.com\/magyarleveltarosok.egyesulete\" \/>\n<meta property=\"article:published_time\" content=\"2025-03-11T10:32:45+00:00\" \/>\n<meta property=\"article:modified_time\" content=\"2025-03-11T10:32:46+00:00\" \/>\n<meta property=\"og:image\" content=\"https:\/\/archivportal.hu\/wp-content\/uploads\/2025\/03\/VACI-HIRNOK-20-1.jpg\" \/>\n\t<meta property=\"og:image:width\" content=\"1663\" \/>\n\t<meta property=\"og:image:height\" content=\"1288\" \/>\n\t<meta property=\"og:image:type\" content=\"image\/jpeg\" \/>\n<meta name=\"author\" content=\"Ternovacz Balint\" \/>\n<meta name=\"twitter:card\" content=\"summary_large_image\" \/>\n<meta name=\"twitter:label1\" content=\"Written by\" \/>\n\t<meta name=\"twitter:data1\" content=\"Ternovacz Balint\" \/>\n\t<meta name=\"twitter:label2\" content=\"Est. reading time\" \/>\n\t<meta name=\"twitter:data2\" content=\"1 minute\" \/>\n<script type=\"application\/ld+json\" class=\"yoast-schema-graph\">{\"@context\":\"https:\\\/\\\/schema.org\",\"@graph\":[{\"@type\":\"Article\",\"@id\":\"https:\\\/\\\/archivportal.hu\\\/index.php\\\/1700-as-evekbol-szarmazo-puspokvaci-jegyzokonyv-kerult-vac-varos-leveltara-birtokaba\\\/#article\",\"isPartOf\":{\"@id\":\"https:\\\/\\\/archivportal.hu\\\/index.php\\\/1700-as-evekbol-szarmazo-puspokvaci-jegyzokonyv-kerult-vac-varos-leveltara-birtokaba\\\/\"},\"author\":{\"name\":\"Ternovacz Balint\",\"@id\":\"https:\\\/\\\/archivportal.hu\\\/#\\\/schema\\\/person\\\/231cf595275618403082675708746a44\"},\"headline\":\"1700-as \u00e9vekb\u0151l sz\u00e1rmaz\u00f3 p\u00fcsp\u00f6kv\u00e1ci jegyz\u0151k\u00f6nyv ker\u00fclt V\u00e1c V\u00e1ros Lev\u00e9lt\u00e1ra birtok\u00e1ba\",\"datePublished\":\"2025-03-11T10:32:45+00:00\",\"dateModified\":\"2025-03-11T10:32:46+00:00\",\"mainEntityOfPage\":{\"@id\":\"https:\\\/\\\/archivportal.hu\\\/index.php\\\/1700-as-evekbol-szarmazo-puspokvaci-jegyzokonyv-kerult-vac-varos-leveltara-birtokaba\\\/\"},\"wordCount\":157,\"publisher\":{\"@id\":\"https:\\\/\\\/archivportal.hu\\\/#organization\"},\"image\":{\"@id\":\"https:\\\/\\\/archivportal.hu\\\/index.php\\\/1700-as-evekbol-szarmazo-puspokvaci-jegyzokonyv-kerult-vac-varos-leveltara-birtokaba\\\/#primaryimage\"},\"thumbnailUrl\":\"https:\\\/\\\/archivportal.hu\\\/wp-content\\\/uploads\\\/2025\\\/03\\\/VACI-HIRNOK-20-1.jpg\",\"articleSection\":[\"H\u00edr\"],\"inLanguage\":\"en-US\"},{\"@type\":\"WebPage\",\"@id\":\"https:\\\/\\\/archivportal.hu\\\/index.php\\\/1700-as-evekbol-szarmazo-puspokvaci-jegyzokonyv-kerult-vac-varos-leveltara-birtokaba\\\/\",\"url\":\"https:\\\/\\\/archivportal.hu\\\/index.php\\\/1700-as-evekbol-szarmazo-puspokvaci-jegyzokonyv-kerult-vac-varos-leveltara-birtokaba\\\/\",\"name\":\"1700-as \u00e9vekb\u0151l sz\u00e1rmaz\u00f3 p\u00fcsp\u00f6kv\u00e1ci jegyz\u0151k\u00f6nyv ker\u00fclt V\u00e1c V\u00e1ros Lev\u00e9lt\u00e1ra birtok\u00e1ba - Magyar Lev\u00e9lt\u00e1ri Port\u00e1l\",\"isPartOf\":{\"@id\":\"https:\\\/\\\/archivportal.hu\\\/#website\"},\"primaryImageOfPage\":{\"@id\":\"https:\\\/\\\/archivportal.hu\\\/index.php\\\/1700-as-evekbol-szarmazo-puspokvaci-jegyzokonyv-kerult-vac-varos-leveltara-birtokaba\\\/#primaryimage\"},\"image\":{\"@id\":\"https:\\\/\\\/archivportal.hu\\\/index.php\\\/1700-as-evekbol-szarmazo-puspokvaci-jegyzokonyv-kerult-vac-varos-leveltara-birtokaba\\\/#primaryimage\"},\"thumbnailUrl\":\"https:\\\/\\\/archivportal.hu\\\/wp-content\\\/uploads\\\/2025\\\/03\\\/VACI-HIRNOK-20-1.jpg\",\"datePublished\":\"2025-03-11T10:32:45+00:00\",\"dateModified\":\"2025-03-11T10:32:46+00:00\",\"breadcrumb\":{\"@id\":\"https:\\\/\\\/archivportal.hu\\\/index.php\\\/1700-as-evekbol-szarmazo-puspokvaci-jegyzokonyv-kerult-vac-varos-leveltara-birtokaba\\\/#breadcrumb\"},\"inLanguage\":\"en-US\",\"potentialAction\":[{\"@type\":\"ReadAction\",\"target\":[\"https:\\\/\\\/archivportal.hu\\\/index.php\\\/1700-as-evekbol-szarmazo-puspokvaci-jegyzokonyv-kerult-vac-varos-leveltara-birtokaba\\\/\"]}]},{\"@type\":\"ImageObject\",\"inLanguage\":\"en-US\",\"@id\":\"https:\\\/\\\/archivportal.hu\\\/index.php\\\/1700-as-evekbol-szarmazo-puspokvaci-jegyzokonyv-kerult-vac-varos-leveltara-birtokaba\\\/#primaryimage\",\"url\":\"https:\\\/\\\/archivportal.hu\\\/wp-content\\\/uploads\\\/2025\\\/03\\\/VACI-HIRNOK-20-1.jpg\",\"contentUrl\":\"https:\\\/\\\/archivportal.hu\\\/wp-content\\\/uploads\\\/2025\\\/03\\\/VACI-HIRNOK-20-1.jpg\",\"width\":1663,\"height\":1288},{\"@type\":\"BreadcrumbList\",\"@id\":\"https:\\\/\\\/archivportal.hu\\\/index.php\\\/1700-as-evekbol-szarmazo-puspokvaci-jegyzokonyv-kerult-vac-varos-leveltara-birtokaba\\\/#breadcrumb\",\"itemListElement\":[{\"@type\":\"ListItem\",\"position\":1,\"name\":\"Home\",\"item\":\"https:\\\/\\\/archivportal.hu\\\/\"},{\"@type\":\"ListItem\",\"position\":2,\"name\":\"1700-as \u00e9vekb\u0151l sz\u00e1rmaz\u00f3 p\u00fcsp\u00f6kv\u00e1ci jegyz\u0151k\u00f6nyv ker\u00fclt V\u00e1c V\u00e1ros Lev\u00e9lt\u00e1ra birtok\u00e1ba\"}]},{\"@type\":\"WebSite\",\"@id\":\"https:\\\/\\\/archivportal.hu\\\/#website\",\"url\":\"https:\\\/\\\/archivportal.hu\\\/\",\"name\":\"Magyar Lev\u00e9lt\u00e1ri Port\u00e1l\",\"description\":\"Az online foly\u00f3irat\",\"publisher\":{\"@id\":\"https:\\\/\\\/archivportal.hu\\\/#organization\"},\"potentialAction\":[{\"@type\":\"SearchAction\",\"target\":{\"@type\":\"EntryPoint\",\"urlTemplate\":\"https:\\\/\\\/archivportal.hu\\\/?s={search_term_string}\"},\"query-input\":{\"@type\":\"PropertyValueSpecification\",\"valueRequired\":true,\"valueName\":\"search_term_string\"}}],\"inLanguage\":\"en-US\"},{\"@type\":\"Organization\",\"@id\":\"https:\\\/\\\/archivportal.hu\\\/#organization\",\"name\":\"Magyar Lev\u00e9lt\u00e1ri Port\u00e1l\",\"url\":\"https:\\\/\\\/archivportal.hu\\\/\",\"logo\":{\"@type\":\"ImageObject\",\"inLanguage\":\"en-US\",\"@id\":\"https:\\\/\\\/archivportal.hu\\\/#\\\/schema\\\/logo\\\/image\\\/\",\"url\":\"https:\\\/\\\/archivportal.hu\\\/wp-content\\\/uploads\\\/2022\\\/06\\\/MLP_logo_HU.png\",\"contentUrl\":\"https:\\\/\\\/archivportal.hu\\\/wp-content\\\/uploads\\\/2022\\\/06\\\/MLP_logo_HU.png\",\"width\":1252,\"height\":144,\"caption\":\"Magyar Lev\u00e9lt\u00e1ri Port\u00e1l\"},\"image\":{\"@id\":\"https:\\\/\\\/archivportal.hu\\\/#\\\/schema\\\/logo\\\/image\\\/\"},\"sameAs\":[\"https:\\\/\\\/www.facebook.com\\\/magyarleveltarosok.egyesulete\"]},{\"@type\":\"Person\",\"@id\":\"https:\\\/\\\/archivportal.hu\\\/#\\\/schema\\\/person\\\/231cf595275618403082675708746a44\",\"name\":\"Ternovacz Balint\",\"image\":{\"@type\":\"ImageObject\",\"inLanguage\":\"en-US\",\"@id\":\"https:\\\/\\\/secure.gravatar.com\\\/avatar\\\/50ccbec506f1beed0bc164006d91a3b8a2f082d5df5136373dbeb00162e93fdc?s=96&d=mm&r=g\",\"url\":\"https:\\\/\\\/secure.gravatar.com\\\/avatar\\\/50ccbec506f1beed0bc164006d91a3b8a2f082d5df5136373dbeb00162e93fdc?s=96&d=mm&r=g\",\"contentUrl\":\"https:\\\/\\\/secure.gravatar.com\\\/avatar\\\/50ccbec506f1beed0bc164006d91a3b8a2f082d5df5136373dbeb00162e93fdc?s=96&d=mm&r=g\",\"caption\":\"Ternovacz Balint\"},\"url\":\"https:\\\/\\\/archivportal.hu\\\/index.php\\\/author\\\/ternovacz-balint\\\/\"}]}<\/script>\n<!-- \/ Yoast SEO plugin. -->","yoast_head_json":{"title":"1700-as \u00e9vekb\u0151l sz\u00e1rmaz\u00f3 p\u00fcsp\u00f6kv\u00e1ci jegyz\u0151k\u00f6nyv ker\u00fclt V\u00e1c V\u00e1ros Lev\u00e9lt\u00e1ra birtok\u00e1ba - Magyar Lev\u00e9lt\u00e1ri Port\u00e1l","robots":{"index":"index","follow":"follow","max-snippet":"max-snippet:-1","max-image-preview":"max-image-preview:large","max-video-preview":"max-video-preview:-1"},"og_locale":"en_US","og_type":"article","og_title":"1700-as \u00e9vekb\u0151l sz\u00e1rmaz\u00f3 p\u00fcsp\u00f6kv\u00e1ci jegyz\u0151k\u00f6nyv ker\u00fclt V\u00e1c V\u00e1ros Lev\u00e9lt\u00e1ra birtok\u00e1ba - Magyar Lev\u00e9lt\u00e1ri Port\u00e1l","og_description":"Mag\u00e1nszem\u00e9lyek nagylelk\u0171 adom\u00e1nyainak k\u00f6sz\u00f6nhet\u0151en egy 1700-as \u00e9vekb\u0151l sz\u00e1rmaz\u00f3 p\u00fcsp\u00f6kv\u00e1ci jegyz\u0151k\u00f6nyv ker\u00fclt V\u00e1c V\u00e1ros Lev\u00e9lt\u00e1ra birtok\u00e1ba Az 1717\u20131740 k\u00f6z\u00f6tt vezetett p\u00fcsp\u00f6kv\u00e1ci tan\u00e1cs\u00fcl\u00e9si jegyz\u0151k\u00f6nyv hossz\u00fa \u00e9vtizedek \u00f3ta ismeretlen helyen lappangott, v\u00e9gleg elveszettnek t\u0171nt \u2013 eg\u00e9szen a k\u00f6zelm\u00faltig, ugyanis nemr\u00e9g felbukkant a K\u00f6zponti Antikv\u00e1rium egyik aukci\u00f3j\u00e1n. A kiemelked\u0151 v\u00e1rost\u00f6rt\u00e9neti \u00e9rt\u00e9kkel b\u00edr\u00f3 k\u00f6tetre a kiki\u00e1lt\u00e1si \u00e1r \u00f6sszeg\u00e9t&nbsp; a V\u00e1ci [&hellip;]","og_url":"https:\/\/archivportal.hu\/index.php\/1700-as-evekbol-szarmazo-puspokvaci-jegyzokonyv-kerult-vac-varos-leveltara-birtokaba\/","og_site_name":"Magyar Lev\u00e9lt\u00e1ri Port\u00e1l","article_publisher":"https:\/\/www.facebook.com\/magyarleveltarosok.egyesulete","article_published_time":"2025-03-11T10:32:45+00:00","article_modified_time":"2025-03-11T10:32:46+00:00","og_image":[{"width":1663,"height":1288,"url":"https:\/\/archivportal.hu\/wp-content\/uploads\/2025\/03\/VACI-HIRNOK-20-1.jpg","type":"image\/jpeg"}],"author":"Ternovacz Balint","twitter_card":"summary_large_image","twitter_misc":{"Written by":"Ternovacz Balint","Est. reading time":"1 minute"},"schema":{"@context":"https:\/\/schema.org","@graph":[{"@type":"Article","@id":"https:\/\/archivportal.hu\/index.php\/1700-as-evekbol-szarmazo-puspokvaci-jegyzokonyv-kerult-vac-varos-leveltara-birtokaba\/#article","isPartOf":{"@id":"https:\/\/archivportal.hu\/index.php\/1700-as-evekbol-szarmazo-puspokvaci-jegyzokonyv-kerult-vac-varos-leveltara-birtokaba\/"},"author":{"name":"Ternovacz Balint","@id":"https:\/\/archivportal.hu\/#\/schema\/person\/231cf595275618403082675708746a44"},"headline":"1700-as \u00e9vekb\u0151l sz\u00e1rmaz\u00f3 p\u00fcsp\u00f6kv\u00e1ci jegyz\u0151k\u00f6nyv ker\u00fclt V\u00e1c V\u00e1ros Lev\u00e9lt\u00e1ra birtok\u00e1ba","datePublished":"2025-03-11T10:32:45+00:00","dateModified":"2025-03-11T10:32:46+00:00","mainEntityOfPage":{"@id":"https:\/\/archivportal.hu\/index.php\/1700-as-evekbol-szarmazo-puspokvaci-jegyzokonyv-kerult-vac-varos-leveltara-birtokaba\/"},"wordCount":157,"publisher":{"@id":"https:\/\/archivportal.hu\/#organization"},"image":{"@id":"https:\/\/archivportal.hu\/index.php\/1700-as-evekbol-szarmazo-puspokvaci-jegyzokonyv-kerult-vac-varos-leveltara-birtokaba\/#primaryimage"},"thumbnailUrl":"https:\/\/archivportal.hu\/wp-content\/uploads\/2025\/03\/VACI-HIRNOK-20-1.jpg","articleSection":["H\u00edr"],"inLanguage":"en-US"},{"@type":"WebPage","@id":"https:\/\/archivportal.hu\/index.php\/1700-as-evekbol-szarmazo-puspokvaci-jegyzokonyv-kerult-vac-varos-leveltara-birtokaba\/","url":"https:\/\/archivportal.hu\/index.php\/1700-as-evekbol-szarmazo-puspokvaci-jegyzokonyv-kerult-vac-varos-leveltara-birtokaba\/","name":"1700-as \u00e9vekb\u0151l sz\u00e1rmaz\u00f3 p\u00fcsp\u00f6kv\u00e1ci jegyz\u0151k\u00f6nyv ker\u00fclt V\u00e1c V\u00e1ros Lev\u00e9lt\u00e1ra birtok\u00e1ba - Magyar Lev\u00e9lt\u00e1ri Port\u00e1l","isPartOf":{"@id":"https:\/\/archivportal.hu\/#website"},"primaryImageOfPage":{"@id":"https:\/\/archivportal.hu\/index.php\/1700-as-evekbol-szarmazo-puspokvaci-jegyzokonyv-kerult-vac-varos-leveltara-birtokaba\/#primaryimage"},"image":{"@id":"https:\/\/archivportal.hu\/index.php\/1700-as-evekbol-szarmazo-puspokvaci-jegyzokonyv-kerult-vac-varos-leveltara-birtokaba\/#primaryimage"},"thumbnailUrl":"https:\/\/archivportal.hu\/wp-content\/uploads\/2025\/03\/VACI-HIRNOK-20-1.jpg","datePublished":"2025-03-11T10:32:45+00:00","dateModified":"2025-03-11T10:32:46+00:00","breadcrumb":{"@id":"https:\/\/archivportal.hu\/index.php\/1700-as-evekbol-szarmazo-puspokvaci-jegyzokonyv-kerult-vac-varos-leveltara-birtokaba\/#breadcrumb"},"inLanguage":"en-US","potentialAction":[{"@type":"ReadAction","target":["https:\/\/archivportal.hu\/index.php\/1700-as-evekbol-szarmazo-puspokvaci-jegyzokonyv-kerult-vac-varos-leveltara-birtokaba\/"]}]},{"@type":"ImageObject","inLanguage":"en-US","@id":"https:\/\/archivportal.hu\/index.php\/1700-as-evekbol-szarmazo-puspokvaci-jegyzokonyv-kerult-vac-varos-leveltara-birtokaba\/#primaryimage","url":"https:\/\/archivportal.hu\/wp-content\/uploads\/2025\/03\/VACI-HIRNOK-20-1.jpg","contentUrl":"https:\/\/archivportal.hu\/wp-content\/uploads\/2025\/03\/VACI-HIRNOK-20-1.jpg","width":1663,"height":1288},{"@type":"BreadcrumbList","@id":"https:\/\/archivportal.hu\/index.php\/1700-as-evekbol-szarmazo-puspokvaci-jegyzokonyv-kerult-vac-varos-leveltara-birtokaba\/#breadcrumb","itemListElement":[{"@type":"ListItem","position":1,"name":"Home","item":"https:\/\/archivportal.hu\/"},{"@type":"ListItem","position":2,"name":"1700-as \u00e9vekb\u0151l sz\u00e1rmaz\u00f3 p\u00fcsp\u00f6kv\u00e1ci jegyz\u0151k\u00f6nyv ker\u00fclt V\u00e1c V\u00e1ros Lev\u00e9lt\u00e1ra birtok\u00e1ba"}]},{"@type":"WebSite","@id":"https:\/\/archivportal.hu\/#website","url":"https:\/\/archivportal.hu\/","name":"Magyar Lev\u00e9lt\u00e1ri Port\u00e1l","description":"Az online foly\u00f3irat","publisher":{"@id":"https:\/\/archivportal.hu\/#organization"},"potentialAction":[{"@type":"SearchAction","target":{"@type":"EntryPoint","urlTemplate":"https:\/\/archivportal.hu\/?s={search_term_string}"},"query-input":{"@type":"PropertyValueSpecification","valueRequired":true,"valueName":"search_term_string"}}],"inLanguage":"en-US"},{"@type":"Organization","@id":"https:\/\/archivportal.hu\/#organization","name":"Magyar Lev\u00e9lt\u00e1ri Port\u00e1l","url":"https:\/\/archivportal.hu\/","logo":{"@type":"ImageObject","inLanguage":"en-US","@id":"https:\/\/archivportal.hu\/#\/schema\/logo\/image\/","url":"https:\/\/archivportal.hu\/wp-content\/uploads\/2022\/06\/MLP_logo_HU.png","contentUrl":"https:\/\/archivportal.hu\/wp-content\/uploads\/2022\/06\/MLP_logo_HU.png","width":1252,"height":144,"caption":"Magyar Lev\u00e9lt\u00e1ri Port\u00e1l"},"image":{"@id":"https:\/\/archivportal.hu\/#\/schema\/logo\/image\/"},"sameAs":["https:\/\/www.facebook.com\/magyarleveltarosok.egyesulete"]},{"@type":"Person","@id":"https:\/\/archivportal.hu\/#\/schema\/person\/231cf595275618403082675708746a44","name":"Ternovacz Balint","image":{"@type":"ImageObject","inLanguage":"en-US","@id":"https:\/\/secure.gravatar.com\/avatar\/50ccbec506f1beed0bc164006d91a3b8a2f082d5df5136373dbeb00162e93fdc?s=96&d=mm&r=g","url":"https:\/\/secure.gravatar.com\/avatar\/50ccbec506f1beed0bc164006d91a3b8a2f082d5df5136373dbeb00162e93fdc?s=96&d=mm&r=g","contentUrl":"https:\/\/secure.gravatar.com\/avatar\/50ccbec506f1beed0bc164006d91a3b8a2f082d5df5136373dbeb00162e93fdc?s=96&d=mm&r=g","caption":"Ternovacz Balint"},"url":"https:\/\/archivportal.hu\/index.php\/author\/ternovacz-balint\/"}]}},"_links":{"self":[{"href":"https:\/\/archivportal.hu\/index.php\/wp-json\/wp\/v2\/posts\/7331","targetHints":{"allow":["GET"]}}],"collection":[{"href":"https:\/\/archivportal.hu\/index.php\/wp-json\/wp\/v2\/posts"}],"about":[{"href":"https:\/\/archivportal.hu\/index.php\/wp-json\/wp\/v2\/types\/post"}],"author":[{"embeddable":true,"href":"https:\/\/archivportal.hu\/index.php\/wp-json\/wp\/v2\/users\/3"}],"replies":[{"embeddable":true,"href":"https:\/\/archivportal.hu\/index.php\/wp-json\/wp\/v2\/comments?post=7331"}],"version-history":[{"count":1,"href":"https:\/\/archivportal.hu\/index.php\/wp-json\/wp\/v2\/posts\/7331\/revisions"}],"predecessor-version":[{"id":7333,"href":"https:\/\/archivportal.hu\/index.php\/wp-json\/wp\/v2\/posts\/7331\/revisions\/7333"}],"wp:featuredmedia":[{"embeddable":true,"href":"https:\/\/archivportal.hu\/index.php\/wp-json\/wp\/v2\/media\/7332"}],"wp:attachment":[{"href":"https:\/\/archivportal.hu\/index.php\/wp-json\/wp\/v2\/media?parent=7331"}],"wp:term":[{"taxonomy":"category","embeddable":true,"href":"https:\/\/archivportal.hu\/index.php\/wp-json\/wp\/v2\/categories?post=7331"},{"taxonomy":"post_tag","embeddable":true,"href":"https:\/\/archivportal.hu\/index.php\/wp-json\/wp\/v2\/tags?post=7331"}],"curies":[{"name":"wp","href":"https:\/\/api.w.org\/{rel}","templated":true}]}}