{"id":7467,"date":"2025-05-19T12:13:00","date_gmt":"2025-05-19T12:13:00","guid":{"rendered":"https:\/\/archivportal.hu\/?p=7467"},"modified":"2025-05-19T12:17:47","modified_gmt":"2025-05-19T12:17:47","slug":"lakatos-andor-a-kalocsai-goegyhazmegyei-leveltar-igazgatoja-bosze-sandor-dijat-kapott-az-mlvt-vandorgyulesen","status":"publish","type":"post","link":"https:\/\/archivportal.hu\/index.php\/lakatos-andor-a-kalocsai-goegyhazmegyei-leveltar-igazgatoja-bosze-sandor-dijat-kapott-az-mlvt-vandorgyulesen\/","title":{"rendered":"Lakatos Andor, a Kalocsai F\u0151egyh\u00e1zmegyei Lev\u00e9lt\u00e1r igazgat\u00f3ja B\u0151sze S\u00e1ndor-d\u00edjat kapott\u00a0az MLVT v\u00e1ndorgy\u0171l\u00e9s\u00e9n"},"content":{"rendered":"\n<p>2025. m\u00e1jus 15-17. k\u00f6z\u00f6tt,&nbsp;<a href=\"https:\/\/archivum.asztrik.hu\/sites\/default\/files\/letoltesek\/MLVT_Ozd-2025_program.pdf\">\u00d3zdon rendezt\u00e9k a Magyar Lev\u00e9lt\u00e1rak Vezet\u0151inek Tan\u00e1csa (MLVT) 2025. \u00e9vi v\u00e1ndorgy\u0171l\u00e9s\u00e9t<\/a>. A h\u00e1romnapos program megnyit\u00f3j\u00e1nak&nbsp;\u00fcnnep\u00e9lyes esem\u00e9nye volt a B\u0151sze S\u00e1ndor-d\u00edj \u00e1tad\u00e1sa, melyet 2025-ben az MLVT Eln\u00f6ks\u00e9ge Lakatos Andornak, a KFL vezet\u0151j\u00e9nek adom\u00e1nyozott. Az elismer\u00e9ssel a d\u00edjazott h\u00e1rom \u00e9vtizedes lev\u00e9lt\u00e1ros szakmai munk\u00e1j\u00e1t jutalmazt\u00e1k.<\/p>\n\n\n\n<p><br>A d\u00edjat Cseh Gerg\u0151 Bendeg\u00faz, az MLVT eln\u00f6ke adta \u00e1t az \u00f3zdi vasm\u0171 egykori er\u0151m\u0171v\u00e9nek vez\u00e9rl\u0151 term\u00e9ben (ma Digit\u00e1lis Er\u0151m\u0171, L\u00e1togat\u00f3 K\u00f6zpont).<\/p>\n\n\n\n<p>Az MLVT 2025. \u00e9vi v\u00e1ndorgy\u0171l\u00e9s\u00e9r\u0151l az <a href=\"https:\/\/www.youtube.com\/watch?v=g3tJGKdV6Fw\" target=\"_blank\" rel=\"noreferrer noopener\">\u00d3zdi Kr\u00f3nika<\/a> is besz\u00e1molt (a vonatkoz\u00f3 r\u00e9sz 0:36 \u00e9s 3:48 k\u00f6z\u00f6tt olvashat\u00f3).<\/p>\n\n\n\n<p>Fot\u00f3 \u00e9s h\u00edr: <a href=\"https:\/\/archivum.asztrik.hu\/?q=content%2F9985&amp;fbclid=IwY2xjawKX8lFleHRuA2FlbQIxMQBicmlkETBCN3A2MkFGam1md0lvempiAR42Q1Y0R7vglBnGEGmaMOYCHYaumWSQ_PuVEQGoBoG_Xh_ALUH8GOnX278HpQ_aem_NgkleP-Gf80HcruxRxv9tA\" target=\"_blank\" rel=\"noreferrer noopener\">archivum.asztrik.hu<\/a><\/p>\n\n\n\n<figure class=\"wp-block-image size-large\"><img fetchpriority=\"high\" decoding=\"async\" width=\"737\" height=\"1024\" src=\"https:\/\/archivportal.hu\/wp-content\/uploads\/2025\/05\/Bosze-Sandor-dij-2025_atvetel_01-737x1024.jpg\" alt=\"\" class=\"wp-image-7468\" srcset=\"https:\/\/archivportal.hu\/wp-content\/uploads\/2025\/05\/Bosze-Sandor-dij-2025_atvetel_01-737x1024.jpg 737w, https:\/\/archivportal.hu\/wp-content\/uploads\/2025\/05\/Bosze-Sandor-dij-2025_atvetel_01-216x300.jpg 216w, https:\/\/archivportal.hu\/wp-content\/uploads\/2025\/05\/Bosze-Sandor-dij-2025_atvetel_01-768x1067.jpg 768w, https:\/\/archivportal.hu\/wp-content\/uploads\/2025\/05\/Bosze-Sandor-dij-2025_atvetel_01-1106x1536.jpg 1106w, https:\/\/archivportal.hu\/wp-content\/uploads\/2025\/05\/Bosze-Sandor-dij-2025_atvetel_01.jpg 1150w\" sizes=\"(max-width: 737px) 100vw, 737px\" \/><\/figure>\n","protected":false},"excerpt":{"rendered":"<p>2025. m\u00e1jus 15-17. k\u00f6z\u00f6tt,&nbsp;\u00d3zdon rendezt\u00e9k a Magyar Lev\u00e9lt\u00e1rak Vezet\u0151inek Tan\u00e1csa (MLVT) 2025. \u00e9vi v\u00e1ndorgy\u0171l\u00e9s\u00e9t. A h\u00e1romnapos program megnyit\u00f3j\u00e1nak&nbsp;\u00fcnnep\u00e9lyes esem\u00e9nye volt a B\u0151sze S\u00e1ndor-d\u00edj \u00e1tad\u00e1sa, melyet 2025-ben az MLVT Eln\u00f6ks\u00e9ge Lakatos Andornak, a KFL vezet\u0151j\u00e9nek adom\u00e1nyozott. Az elismer\u00e9ssel a d\u00edjazott h\u00e1rom \u00e9vtizedes lev\u00e9lt\u00e1ros szakmai munk\u00e1j\u00e1t jutalmazt\u00e1k. A d\u00edjat Cseh Gerg\u0151 Bendeg\u00faz, az MLVT eln\u00f6ke adta \u00e1t [&hellip;]<\/p>\n","protected":false},"author":3,"featured_media":7469,"comment_status":"closed","ping_status":"open","sticky":false,"template":"","format":"standard","meta":{"_acf_changed":false,"footnotes":"","_links_to":"","_links_to_target":""},"categories":[1],"tags":[],"class_list":["post-7467","post","type-post","status-publish","format-standard","has-post-thumbnail","hentry","category-hir"],"acf":[],"yoast_head":"<!-- This site is optimized with the Yoast SEO plugin v27.5 - https:\/\/yoast.com\/product\/yoast-seo-wordpress\/ -->\n<title>Lakatos Andor, a Kalocsai F\u0151egyh\u00e1zmegyei Lev\u00e9lt\u00e1r igazgat\u00f3ja B\u0151sze S\u00e1ndor-d\u00edjat kapott\u00a0az MLVT v\u00e1ndorgy\u0171l\u00e9s\u00e9n - Magyar Lev\u00e9lt\u00e1ri Port\u00e1l<\/title>\n<meta name=\"robots\" content=\"index, follow, max-snippet:-1, max-image-preview:large, max-video-preview:-1\" \/>\n<meta property=\"og:locale\" content=\"en_US\" \/>\n<meta property=\"og:type\" content=\"article\" \/>\n<meta property=\"og:title\" content=\"Lakatos Andor, a Kalocsai F\u0151egyh\u00e1zmegyei Lev\u00e9lt\u00e1r igazgat\u00f3ja B\u0151sze S\u00e1ndor-d\u00edjat kapott\u00a0az MLVT v\u00e1ndorgy\u0171l\u00e9s\u00e9n - Magyar Lev\u00e9lt\u00e1ri Port\u00e1l\" \/>\n<meta property=\"og:description\" content=\"2025. m\u00e1jus 15-17. k\u00f6z\u00f6tt,&nbsp;\u00d3zdon rendezt\u00e9k a Magyar Lev\u00e9lt\u00e1rak Vezet\u0151inek Tan\u00e1csa (MLVT) 2025. \u00e9vi v\u00e1ndorgy\u0171l\u00e9s\u00e9t. A h\u00e1romnapos program megnyit\u00f3j\u00e1nak&nbsp;\u00fcnnep\u00e9lyes esem\u00e9nye volt a B\u0151sze S\u00e1ndor-d\u00edj \u00e1tad\u00e1sa, melyet 2025-ben az MLVT Eln\u00f6ks\u00e9ge Lakatos Andornak, a KFL vezet\u0151j\u00e9nek adom\u00e1nyozott. Az elismer\u00e9ssel a d\u00edjazott h\u00e1rom \u00e9vtizedes lev\u00e9lt\u00e1ros szakmai munk\u00e1j\u00e1t jutalmazt\u00e1k. A d\u00edjat Cseh Gerg\u0151 Bendeg\u00faz, az MLVT eln\u00f6ke adta \u00e1t [&hellip;]\" \/>\n<meta property=\"og:url\" content=\"https:\/\/archivportal.hu\/index.php\/lakatos-andor-a-kalocsai-goegyhazmegyei-leveltar-igazgatoja-bosze-sandor-dijat-kapott-az-mlvt-vandorgyulesen\/\" \/>\n<meta property=\"og:site_name\" content=\"Magyar Lev\u00e9lt\u00e1ri Port\u00e1l\" \/>\n<meta property=\"article:publisher\" content=\"https:\/\/www.facebook.com\/magyarleveltarosok.egyesulete\" \/>\n<meta property=\"article:published_time\" content=\"2025-05-19T12:13:00+00:00\" \/>\n<meta property=\"article:modified_time\" content=\"2025-05-19T12:17:47+00:00\" \/>\n<meta property=\"og:image\" content=\"https:\/\/archivportal.hu\/wp-content\/uploads\/2025\/05\/Bosze-Sandor-dij-2025_atvetel_03.jpg\" \/>\n\t<meta property=\"og:image:width\" content=\"1532\" \/>\n\t<meta property=\"og:image:height\" content=\"910\" \/>\n\t<meta property=\"og:image:type\" content=\"image\/jpeg\" \/>\n<meta name=\"author\" content=\"Ternovacz Balint\" \/>\n<meta name=\"twitter:card\" content=\"summary_large_image\" \/>\n<meta name=\"twitter:label1\" content=\"Written by\" \/>\n\t<meta name=\"twitter:data1\" content=\"Ternovacz Balint\" \/>\n\t<meta name=\"twitter:label2\" content=\"Est. reading time\" \/>\n\t<meta name=\"twitter:data2\" content=\"1 minute\" \/>\n<script type=\"application\/ld+json\" class=\"yoast-schema-graph\">{\"@context\":\"https:\\\/\\\/schema.org\",\"@graph\":[{\"@type\":\"Article\",\"@id\":\"https:\\\/\\\/archivportal.hu\\\/index.php\\\/lakatos-andor-a-kalocsai-goegyhazmegyei-leveltar-igazgatoja-bosze-sandor-dijat-kapott-az-mlvt-vandorgyulesen\\\/#article\",\"isPartOf\":{\"@id\":\"https:\\\/\\\/archivportal.hu\\\/index.php\\\/lakatos-andor-a-kalocsai-goegyhazmegyei-leveltar-igazgatoja-bosze-sandor-dijat-kapott-az-mlvt-vandorgyulesen\\\/\"},\"author\":{\"name\":\"Ternovacz Balint\",\"@id\":\"https:\\\/\\\/archivportal.hu\\\/#\\\/schema\\\/person\\\/231cf595275618403082675708746a44\"},\"headline\":\"Lakatos Andor, a Kalocsai F\u0151egyh\u00e1zmegyei Lev\u00e9lt\u00e1r igazgat\u00f3ja B\u0151sze S\u00e1ndor-d\u00edjat kapott\u00a0az MLVT v\u00e1ndorgy\u0171l\u00e9s\u00e9n\",\"datePublished\":\"2025-05-19T12:13:00+00:00\",\"dateModified\":\"2025-05-19T12:17:47+00:00\",\"mainEntityOfPage\":{\"@id\":\"https:\\\/\\\/archivportal.hu\\\/index.php\\\/lakatos-andor-a-kalocsai-goegyhazmegyei-leveltar-igazgatoja-bosze-sandor-dijat-kapott-az-mlvt-vandorgyulesen\\\/\"},\"wordCount\":172,\"publisher\":{\"@id\":\"https:\\\/\\\/archivportal.hu\\\/#organization\"},\"image\":{\"@id\":\"https:\\\/\\\/archivportal.hu\\\/index.php\\\/lakatos-andor-a-kalocsai-goegyhazmegyei-leveltar-igazgatoja-bosze-sandor-dijat-kapott-az-mlvt-vandorgyulesen\\\/#primaryimage\"},\"thumbnailUrl\":\"https:\\\/\\\/archivportal.hu\\\/wp-content\\\/uploads\\\/2025\\\/05\\\/Bosze-Sandor-dij-2025_atvetel_03.jpg\",\"articleSection\":[\"H\u00edr\"],\"inLanguage\":\"en-US\"},{\"@type\":\"WebPage\",\"@id\":\"https:\\\/\\\/archivportal.hu\\\/index.php\\\/lakatos-andor-a-kalocsai-goegyhazmegyei-leveltar-igazgatoja-bosze-sandor-dijat-kapott-az-mlvt-vandorgyulesen\\\/\",\"url\":\"https:\\\/\\\/archivportal.hu\\\/index.php\\\/lakatos-andor-a-kalocsai-goegyhazmegyei-leveltar-igazgatoja-bosze-sandor-dijat-kapott-az-mlvt-vandorgyulesen\\\/\",\"name\":\"Lakatos Andor, a Kalocsai F\u0151egyh\u00e1zmegyei Lev\u00e9lt\u00e1r igazgat\u00f3ja B\u0151sze S\u00e1ndor-d\u00edjat kapott\u00a0az MLVT v\u00e1ndorgy\u0171l\u00e9s\u00e9n - Magyar Lev\u00e9lt\u00e1ri Port\u00e1l\",\"isPartOf\":{\"@id\":\"https:\\\/\\\/archivportal.hu\\\/#website\"},\"primaryImageOfPage\":{\"@id\":\"https:\\\/\\\/archivportal.hu\\\/index.php\\\/lakatos-andor-a-kalocsai-goegyhazmegyei-leveltar-igazgatoja-bosze-sandor-dijat-kapott-az-mlvt-vandorgyulesen\\\/#primaryimage\"},\"image\":{\"@id\":\"https:\\\/\\\/archivportal.hu\\\/index.php\\\/lakatos-andor-a-kalocsai-goegyhazmegyei-leveltar-igazgatoja-bosze-sandor-dijat-kapott-az-mlvt-vandorgyulesen\\\/#primaryimage\"},\"thumbnailUrl\":\"https:\\\/\\\/archivportal.hu\\\/wp-content\\\/uploads\\\/2025\\\/05\\\/Bosze-Sandor-dij-2025_atvetel_03.jpg\",\"datePublished\":\"2025-05-19T12:13:00+00:00\",\"dateModified\":\"2025-05-19T12:17:47+00:00\",\"breadcrumb\":{\"@id\":\"https:\\\/\\\/archivportal.hu\\\/index.php\\\/lakatos-andor-a-kalocsai-goegyhazmegyei-leveltar-igazgatoja-bosze-sandor-dijat-kapott-az-mlvt-vandorgyulesen\\\/#breadcrumb\"},\"inLanguage\":\"en-US\",\"potentialAction\":[{\"@type\":\"ReadAction\",\"target\":[\"https:\\\/\\\/archivportal.hu\\\/index.php\\\/lakatos-andor-a-kalocsai-goegyhazmegyei-leveltar-igazgatoja-bosze-sandor-dijat-kapott-az-mlvt-vandorgyulesen\\\/\"]}]},{\"@type\":\"ImageObject\",\"inLanguage\":\"en-US\",\"@id\":\"https:\\\/\\\/archivportal.hu\\\/index.php\\\/lakatos-andor-a-kalocsai-goegyhazmegyei-leveltar-igazgatoja-bosze-sandor-dijat-kapott-az-mlvt-vandorgyulesen\\\/#primaryimage\",\"url\":\"https:\\\/\\\/archivportal.hu\\\/wp-content\\\/uploads\\\/2025\\\/05\\\/Bosze-Sandor-dij-2025_atvetel_03.jpg\",\"contentUrl\":\"https:\\\/\\\/archivportal.hu\\\/wp-content\\\/uploads\\\/2025\\\/05\\\/Bosze-Sandor-dij-2025_atvetel_03.jpg\",\"width\":1532,\"height\":910},{\"@type\":\"BreadcrumbList\",\"@id\":\"https:\\\/\\\/archivportal.hu\\\/index.php\\\/lakatos-andor-a-kalocsai-goegyhazmegyei-leveltar-igazgatoja-bosze-sandor-dijat-kapott-az-mlvt-vandorgyulesen\\\/#breadcrumb\",\"itemListElement\":[{\"@type\":\"ListItem\",\"position\":1,\"name\":\"Home\",\"item\":\"https:\\\/\\\/archivportal.hu\\\/\"},{\"@type\":\"ListItem\",\"position\":2,\"name\":\"Lakatos Andor, a Kalocsai F\u0151egyh\u00e1zmegyei Lev\u00e9lt\u00e1r igazgat\u00f3ja B\u0151sze S\u00e1ndor-d\u00edjat kapott\u00a0az MLVT v\u00e1ndorgy\u0171l\u00e9s\u00e9n\"}]},{\"@type\":\"WebSite\",\"@id\":\"https:\\\/\\\/archivportal.hu\\\/#website\",\"url\":\"https:\\\/\\\/archivportal.hu\\\/\",\"name\":\"Magyar Lev\u00e9lt\u00e1ri Port\u00e1l\",\"description\":\"Az online foly\u00f3irat\",\"publisher\":{\"@id\":\"https:\\\/\\\/archivportal.hu\\\/#organization\"},\"potentialAction\":[{\"@type\":\"SearchAction\",\"target\":{\"@type\":\"EntryPoint\",\"urlTemplate\":\"https:\\\/\\\/archivportal.hu\\\/?s={search_term_string}\"},\"query-input\":{\"@type\":\"PropertyValueSpecification\",\"valueRequired\":true,\"valueName\":\"search_term_string\"}}],\"inLanguage\":\"en-US\"},{\"@type\":\"Organization\",\"@id\":\"https:\\\/\\\/archivportal.hu\\\/#organization\",\"name\":\"Magyar Lev\u00e9lt\u00e1ri Port\u00e1l\",\"url\":\"https:\\\/\\\/archivportal.hu\\\/\",\"logo\":{\"@type\":\"ImageObject\",\"inLanguage\":\"en-US\",\"@id\":\"https:\\\/\\\/archivportal.hu\\\/#\\\/schema\\\/logo\\\/image\\\/\",\"url\":\"https:\\\/\\\/archivportal.hu\\\/wp-content\\\/uploads\\\/2022\\\/06\\\/MLP_logo_HU.png\",\"contentUrl\":\"https:\\\/\\\/archivportal.hu\\\/wp-content\\\/uploads\\\/2022\\\/06\\\/MLP_logo_HU.png\",\"width\":1252,\"height\":144,\"caption\":\"Magyar Lev\u00e9lt\u00e1ri Port\u00e1l\"},\"image\":{\"@id\":\"https:\\\/\\\/archivportal.hu\\\/#\\\/schema\\\/logo\\\/image\\\/\"},\"sameAs\":[\"https:\\\/\\\/www.facebook.com\\\/magyarleveltarosok.egyesulete\"]},{\"@type\":\"Person\",\"@id\":\"https:\\\/\\\/archivportal.hu\\\/#\\\/schema\\\/person\\\/231cf595275618403082675708746a44\",\"name\":\"Ternovacz Balint\",\"image\":{\"@type\":\"ImageObject\",\"inLanguage\":\"en-US\",\"@id\":\"https:\\\/\\\/secure.gravatar.com\\\/avatar\\\/50ccbec506f1beed0bc164006d91a3b8a2f082d5df5136373dbeb00162e93fdc?s=96&d=mm&r=g\",\"url\":\"https:\\\/\\\/secure.gravatar.com\\\/avatar\\\/50ccbec506f1beed0bc164006d91a3b8a2f082d5df5136373dbeb00162e93fdc?s=96&d=mm&r=g\",\"contentUrl\":\"https:\\\/\\\/secure.gravatar.com\\\/avatar\\\/50ccbec506f1beed0bc164006d91a3b8a2f082d5df5136373dbeb00162e93fdc?s=96&d=mm&r=g\",\"caption\":\"Ternovacz Balint\"},\"url\":\"https:\\\/\\\/archivportal.hu\\\/index.php\\\/author\\\/ternovacz-balint\\\/\"}]}<\/script>\n<!-- \/ Yoast SEO plugin. -->","yoast_head_json":{"title":"Lakatos Andor, a Kalocsai F\u0151egyh\u00e1zmegyei Lev\u00e9lt\u00e1r igazgat\u00f3ja B\u0151sze S\u00e1ndor-d\u00edjat kapott\u00a0az MLVT v\u00e1ndorgy\u0171l\u00e9s\u00e9n - Magyar Lev\u00e9lt\u00e1ri Port\u00e1l","robots":{"index":"index","follow":"follow","max-snippet":"max-snippet:-1","max-image-preview":"max-image-preview:large","max-video-preview":"max-video-preview:-1"},"og_locale":"en_US","og_type":"article","og_title":"Lakatos Andor, a Kalocsai F\u0151egyh\u00e1zmegyei Lev\u00e9lt\u00e1r igazgat\u00f3ja B\u0151sze S\u00e1ndor-d\u00edjat kapott\u00a0az MLVT v\u00e1ndorgy\u0171l\u00e9s\u00e9n - Magyar Lev\u00e9lt\u00e1ri Port\u00e1l","og_description":"2025. m\u00e1jus 15-17. k\u00f6z\u00f6tt,&nbsp;\u00d3zdon rendezt\u00e9k a Magyar Lev\u00e9lt\u00e1rak Vezet\u0151inek Tan\u00e1csa (MLVT) 2025. \u00e9vi v\u00e1ndorgy\u0171l\u00e9s\u00e9t. A h\u00e1romnapos program megnyit\u00f3j\u00e1nak&nbsp;\u00fcnnep\u00e9lyes esem\u00e9nye volt a B\u0151sze S\u00e1ndor-d\u00edj \u00e1tad\u00e1sa, melyet 2025-ben az MLVT Eln\u00f6ks\u00e9ge Lakatos Andornak, a KFL vezet\u0151j\u00e9nek adom\u00e1nyozott. Az elismer\u00e9ssel a d\u00edjazott h\u00e1rom \u00e9vtizedes lev\u00e9lt\u00e1ros szakmai munk\u00e1j\u00e1t jutalmazt\u00e1k. A d\u00edjat Cseh Gerg\u0151 Bendeg\u00faz, az MLVT eln\u00f6ke adta \u00e1t [&hellip;]","og_url":"https:\/\/archivportal.hu\/index.php\/lakatos-andor-a-kalocsai-goegyhazmegyei-leveltar-igazgatoja-bosze-sandor-dijat-kapott-az-mlvt-vandorgyulesen\/","og_site_name":"Magyar Lev\u00e9lt\u00e1ri Port\u00e1l","article_publisher":"https:\/\/www.facebook.com\/magyarleveltarosok.egyesulete","article_published_time":"2025-05-19T12:13:00+00:00","article_modified_time":"2025-05-19T12:17:47+00:00","og_image":[{"width":1532,"height":910,"url":"https:\/\/archivportal.hu\/wp-content\/uploads\/2025\/05\/Bosze-Sandor-dij-2025_atvetel_03.jpg","type":"image\/jpeg"}],"author":"Ternovacz Balint","twitter_card":"summary_large_image","twitter_misc":{"Written by":"Ternovacz Balint","Est. reading time":"1 minute"},"schema":{"@context":"https:\/\/schema.org","@graph":[{"@type":"Article","@id":"https:\/\/archivportal.hu\/index.php\/lakatos-andor-a-kalocsai-goegyhazmegyei-leveltar-igazgatoja-bosze-sandor-dijat-kapott-az-mlvt-vandorgyulesen\/#article","isPartOf":{"@id":"https:\/\/archivportal.hu\/index.php\/lakatos-andor-a-kalocsai-goegyhazmegyei-leveltar-igazgatoja-bosze-sandor-dijat-kapott-az-mlvt-vandorgyulesen\/"},"author":{"name":"Ternovacz Balint","@id":"https:\/\/archivportal.hu\/#\/schema\/person\/231cf595275618403082675708746a44"},"headline":"Lakatos Andor, a Kalocsai F\u0151egyh\u00e1zmegyei Lev\u00e9lt\u00e1r igazgat\u00f3ja B\u0151sze S\u00e1ndor-d\u00edjat kapott\u00a0az MLVT v\u00e1ndorgy\u0171l\u00e9s\u00e9n","datePublished":"2025-05-19T12:13:00+00:00","dateModified":"2025-05-19T12:17:47+00:00","mainEntityOfPage":{"@id":"https:\/\/archivportal.hu\/index.php\/lakatos-andor-a-kalocsai-goegyhazmegyei-leveltar-igazgatoja-bosze-sandor-dijat-kapott-az-mlvt-vandorgyulesen\/"},"wordCount":172,"publisher":{"@id":"https:\/\/archivportal.hu\/#organization"},"image":{"@id":"https:\/\/archivportal.hu\/index.php\/lakatos-andor-a-kalocsai-goegyhazmegyei-leveltar-igazgatoja-bosze-sandor-dijat-kapott-az-mlvt-vandorgyulesen\/#primaryimage"},"thumbnailUrl":"https:\/\/archivportal.hu\/wp-content\/uploads\/2025\/05\/Bosze-Sandor-dij-2025_atvetel_03.jpg","articleSection":["H\u00edr"],"inLanguage":"en-US"},{"@type":"WebPage","@id":"https:\/\/archivportal.hu\/index.php\/lakatos-andor-a-kalocsai-goegyhazmegyei-leveltar-igazgatoja-bosze-sandor-dijat-kapott-az-mlvt-vandorgyulesen\/","url":"https:\/\/archivportal.hu\/index.php\/lakatos-andor-a-kalocsai-goegyhazmegyei-leveltar-igazgatoja-bosze-sandor-dijat-kapott-az-mlvt-vandorgyulesen\/","name":"Lakatos Andor, a Kalocsai F\u0151egyh\u00e1zmegyei Lev\u00e9lt\u00e1r igazgat\u00f3ja B\u0151sze S\u00e1ndor-d\u00edjat kapott\u00a0az MLVT v\u00e1ndorgy\u0171l\u00e9s\u00e9n - Magyar Lev\u00e9lt\u00e1ri Port\u00e1l","isPartOf":{"@id":"https:\/\/archivportal.hu\/#website"},"primaryImageOfPage":{"@id":"https:\/\/archivportal.hu\/index.php\/lakatos-andor-a-kalocsai-goegyhazmegyei-leveltar-igazgatoja-bosze-sandor-dijat-kapott-az-mlvt-vandorgyulesen\/#primaryimage"},"image":{"@id":"https:\/\/archivportal.hu\/index.php\/lakatos-andor-a-kalocsai-goegyhazmegyei-leveltar-igazgatoja-bosze-sandor-dijat-kapott-az-mlvt-vandorgyulesen\/#primaryimage"},"thumbnailUrl":"https:\/\/archivportal.hu\/wp-content\/uploads\/2025\/05\/Bosze-Sandor-dij-2025_atvetel_03.jpg","datePublished":"2025-05-19T12:13:00+00:00","dateModified":"2025-05-19T12:17:47+00:00","breadcrumb":{"@id":"https:\/\/archivportal.hu\/index.php\/lakatos-andor-a-kalocsai-goegyhazmegyei-leveltar-igazgatoja-bosze-sandor-dijat-kapott-az-mlvt-vandorgyulesen\/#breadcrumb"},"inLanguage":"en-US","potentialAction":[{"@type":"ReadAction","target":["https:\/\/archivportal.hu\/index.php\/lakatos-andor-a-kalocsai-goegyhazmegyei-leveltar-igazgatoja-bosze-sandor-dijat-kapott-az-mlvt-vandorgyulesen\/"]}]},{"@type":"ImageObject","inLanguage":"en-US","@id":"https:\/\/archivportal.hu\/index.php\/lakatos-andor-a-kalocsai-goegyhazmegyei-leveltar-igazgatoja-bosze-sandor-dijat-kapott-az-mlvt-vandorgyulesen\/#primaryimage","url":"https:\/\/archivportal.hu\/wp-content\/uploads\/2025\/05\/Bosze-Sandor-dij-2025_atvetel_03.jpg","contentUrl":"https:\/\/archivportal.hu\/wp-content\/uploads\/2025\/05\/Bosze-Sandor-dij-2025_atvetel_03.jpg","width":1532,"height":910},{"@type":"BreadcrumbList","@id":"https:\/\/archivportal.hu\/index.php\/lakatos-andor-a-kalocsai-goegyhazmegyei-leveltar-igazgatoja-bosze-sandor-dijat-kapott-az-mlvt-vandorgyulesen\/#breadcrumb","itemListElement":[{"@type":"ListItem","position":1,"name":"Home","item":"https:\/\/archivportal.hu\/"},{"@type":"ListItem","position":2,"name":"Lakatos Andor, a Kalocsai F\u0151egyh\u00e1zmegyei Lev\u00e9lt\u00e1r igazgat\u00f3ja B\u0151sze S\u00e1ndor-d\u00edjat kapott\u00a0az MLVT v\u00e1ndorgy\u0171l\u00e9s\u00e9n"}]},{"@type":"WebSite","@id":"https:\/\/archivportal.hu\/#website","url":"https:\/\/archivportal.hu\/","name":"Magyar Lev\u00e9lt\u00e1ri Port\u00e1l","description":"Az online foly\u00f3irat","publisher":{"@id":"https:\/\/archivportal.hu\/#organization"},"potentialAction":[{"@type":"SearchAction","target":{"@type":"EntryPoint","urlTemplate":"https:\/\/archivportal.hu\/?s={search_term_string}"},"query-input":{"@type":"PropertyValueSpecification","valueRequired":true,"valueName":"search_term_string"}}],"inLanguage":"en-US"},{"@type":"Organization","@id":"https:\/\/archivportal.hu\/#organization","name":"Magyar Lev\u00e9lt\u00e1ri Port\u00e1l","url":"https:\/\/archivportal.hu\/","logo":{"@type":"ImageObject","inLanguage":"en-US","@id":"https:\/\/archivportal.hu\/#\/schema\/logo\/image\/","url":"https:\/\/archivportal.hu\/wp-content\/uploads\/2022\/06\/MLP_logo_HU.png","contentUrl":"https:\/\/archivportal.hu\/wp-content\/uploads\/2022\/06\/MLP_logo_HU.png","width":1252,"height":144,"caption":"Magyar Lev\u00e9lt\u00e1ri Port\u00e1l"},"image":{"@id":"https:\/\/archivportal.hu\/#\/schema\/logo\/image\/"},"sameAs":["https:\/\/www.facebook.com\/magyarleveltarosok.egyesulete"]},{"@type":"Person","@id":"https:\/\/archivportal.hu\/#\/schema\/person\/231cf595275618403082675708746a44","name":"Ternovacz Balint","image":{"@type":"ImageObject","inLanguage":"en-US","@id":"https:\/\/secure.gravatar.com\/avatar\/50ccbec506f1beed0bc164006d91a3b8a2f082d5df5136373dbeb00162e93fdc?s=96&d=mm&r=g","url":"https:\/\/secure.gravatar.com\/avatar\/50ccbec506f1beed0bc164006d91a3b8a2f082d5df5136373dbeb00162e93fdc?s=96&d=mm&r=g","contentUrl":"https:\/\/secure.gravatar.com\/avatar\/50ccbec506f1beed0bc164006d91a3b8a2f082d5df5136373dbeb00162e93fdc?s=96&d=mm&r=g","caption":"Ternovacz Balint"},"url":"https:\/\/archivportal.hu\/index.php\/author\/ternovacz-balint\/"}]}},"_links":{"self":[{"href":"https:\/\/archivportal.hu\/index.php\/wp-json\/wp\/v2\/posts\/7467","targetHints":{"allow":["GET"]}}],"collection":[{"href":"https:\/\/archivportal.hu\/index.php\/wp-json\/wp\/v2\/posts"}],"about":[{"href":"https:\/\/archivportal.hu\/index.php\/wp-json\/wp\/v2\/types\/post"}],"author":[{"embeddable":true,"href":"https:\/\/archivportal.hu\/index.php\/wp-json\/wp\/v2\/users\/3"}],"replies":[{"embeddable":true,"href":"https:\/\/archivportal.hu\/index.php\/wp-json\/wp\/v2\/comments?post=7467"}],"version-history":[{"count":2,"href":"https:\/\/archivportal.hu\/index.php\/wp-json\/wp\/v2\/posts\/7467\/revisions"}],"predecessor-version":[{"id":7471,"href":"https:\/\/archivportal.hu\/index.php\/wp-json\/wp\/v2\/posts\/7467\/revisions\/7471"}],"wp:featuredmedia":[{"embeddable":true,"href":"https:\/\/archivportal.hu\/index.php\/wp-json\/wp\/v2\/media\/7469"}],"wp:attachment":[{"href":"https:\/\/archivportal.hu\/index.php\/wp-json\/wp\/v2\/media?parent=7467"}],"wp:term":[{"taxonomy":"category","embeddable":true,"href":"https:\/\/archivportal.hu\/index.php\/wp-json\/wp\/v2\/categories?post=7467"},{"taxonomy":"post_tag","embeddable":true,"href":"https:\/\/archivportal.hu\/index.php\/wp-json\/wp\/v2\/tags?post=7467"}],"curies":[{"name":"wp","href":"https:\/\/api.w.org\/{rel}","templated":true}]}}