{"id":7580,"date":"2025-08-21T12:16:12","date_gmt":"2025-08-21T12:16:12","guid":{"rendered":"https:\/\/archivportal.hu\/?p=7580"},"modified":"2025-08-21T12:16:12","modified_gmt":"2025-08-21T12:16:12","slug":"magyar-arany-erdemkereszt-polgari-tagozat-kituntetesben-reszesult-ruzsa-eva","status":"publish","type":"post","link":"https:\/\/archivportal.hu\/index.php\/magyar-arany-erdemkereszt-polgari-tagozat-kituntetesben-reszesult-ruzsa-eva\/","title":{"rendered":"Magyar Arany \u00c9rdemkereszt polg\u00e1ri tagozat kit\u00fcntet\u00e9sben r\u00e9szes\u00fclt Ruzsa \u00c9va"},"content":{"rendered":"\n<p><strong><em>Magyar Arany \u00c9rdemkereszt polg\u00e1ri tagozat kit\u00fcntet\u00e9sben r\u00e9szes\u00fclt Ruzsa \u00c9va, a Magyar Nemzeti Lev\u00e9lt\u00e1r Tolna V\u00e1rmegyei Lev\u00e9lt\u00e1r\u00e1nak igazgat\u00f3ja.<\/em><\/strong><\/p>\n\n\n\n<p>Augusztus 20. alkalm\u00e1b\u00f3l adom\u00e1nyozhat\u00f3 \u00e1llami kit\u00fcntet\u00e9seket \u00e9s m\u0171v\u00e9szeti elismer\u00e9seket adott \u00e1t Hank\u00f3 Bal\u00e1zs kultur\u00e1lis \u00e9s innov\u00e1ci\u00f3s miniszter Varga-Bajusz Veronik\u00e1val \u00e9s Z\u00e1vogy\u00e1n Magdoln\u00e1val, a t\u00e1rca \u00e1llamtitk\u00e1raival augusztus 19-\u00e9n Budapesten, a Pesti Vigad\u00f3ban. A d\u00edjazottak k\u00f6z\u00f6tt van Ruzsa \u00c9va, a Magyar Nemzeti Lev\u00e9lt\u00e1r Tolna V\u00e1rmegyei Lev\u00e9lt\u00e1r\u00e1nak igazgat\u00f3ja, aki kiemelked\u0151 tev\u00e9kenys\u00e9ge elismer\u00e9sek\u00e9nt vehette \u00e1t a Magyar Arany \u00c9rdemkereszt polg\u00e1ri tagozat kit\u00fcntet\u00e9st.<\/p>\n\n\n\n<p>Hank\u00f3 Bal\u00e1zs a d\u00edjak oda\u00edt\u00e9l\u00e9se kapcs\u00e1n kifejtette:&nbsp;<em>\u201emindaz, amit tudunk a vil\u00e1gr\u00f3l \u00e9s haz\u00e1nkr\u00f3l, \u00e9s mindaz, amit majd m\u00e9g megismer\u00fcnk, megtanulunk \u00e9s tov\u00e1bbadunk r\u00f3la, az az \u00f6n\u00f6k elm\u00e9j\u00e9ben \u00e9s sz\u00edv\u00e9ben, lelk\u00e9ben van, \u00f6n\u00f6k emelik a mindennapokban magasba a magyar nemzetet\u201d.<\/em>&nbsp;\u2013 Azok, akikt\u0151l fiatalok sz\u00e1zai tanulnak n\u00e9pt\u00e1ncot \u00e9s n\u00e9pzen\u00e9t, vagy \u00e9rtik meg a klasszikusokat, azok, akik a vil\u00e1g \u00e9lvonal\u00e1ba juttatj\u00e1k a magyar egyetemeket, akik \u00e9l\u0151v\u00e9 teszik a magyar hagyom\u00e1nyokat, akik tan\u00edtanak, a sport szeretet\u00e9re nevelnek fiatalokat, t\u00e1mogatj\u00e1k a legnehezebb helyzetben l\u00e9v\u0151ket, vagy gy\u00f3gy\u00edtj\u00e1k a betegs\u00e9gben szenved\u0151ket \u2013 sorolta.<\/p>\n\n\n\n<figure class=\"wp-block-image size-full\"><img fetchpriority=\"high\" decoding=\"async\" width=\"1000\" height=\"637\" src=\"https:\/\/archivportal.hu\/wp-content\/uploads\/2025\/08\/ruzsa_eva_indexkep2.png\" alt=\"\" class=\"wp-image-7582\" srcset=\"https:\/\/archivportal.hu\/wp-content\/uploads\/2025\/08\/ruzsa_eva_indexkep2.png 1000w, https:\/\/archivportal.hu\/wp-content\/uploads\/2025\/08\/ruzsa_eva_indexkep2-300x191.png 300w, https:\/\/archivportal.hu\/wp-content\/uploads\/2025\/08\/ruzsa_eva_indexkep2-768x489.png 768w\" sizes=\"(max-width: 1000px) 100vw, 1000px\" \/><\/figure>\n\n\n\n<p>Forr\u00e1s: <a href=\"https:\/\/mnl.gov.hu\/mnl\/ol\/hirek\/jelentos_allami_kituntetessel_ismertek_el_ruzsa_eva_munkajat?fbclid=IwY2xjawMT7D5leHRuA2FlbQIxMQABHsFep72nhg7RGW-UsPxrJ1YSQAiRXVqU7jtB9lAE452rG1tcvLGi2Y7VN0jq_aem_2Cjcitq92r3CTklN8D_tXQ\">mnl.gov.hu<\/a><\/p>\n\n\n\n<p><\/p>\n","protected":false},"excerpt":{"rendered":"<p>Magyar Arany \u00c9rdemkereszt polg\u00e1ri tagozat kit\u00fcntet\u00e9sben r\u00e9szes\u00fclt Ruzsa \u00c9va, a Magyar Nemzeti Lev\u00e9lt\u00e1r Tolna V\u00e1rmegyei Lev\u00e9lt\u00e1r\u00e1nak igazgat\u00f3ja. Augusztus 20. alkalm\u00e1b\u00f3l adom\u00e1nyozhat\u00f3 \u00e1llami kit\u00fcntet\u00e9seket \u00e9s m\u0171v\u00e9szeti elismer\u00e9seket adott \u00e1t Hank\u00f3 Bal\u00e1zs kultur\u00e1lis \u00e9s innov\u00e1ci\u00f3s miniszter Varga-Bajusz Veronik\u00e1val \u00e9s Z\u00e1vogy\u00e1n Magdoln\u00e1val, a t\u00e1rca \u00e1llamtitk\u00e1raival augusztus 19-\u00e9n Budapesten, a Pesti Vigad\u00f3ban. A d\u00edjazottak k\u00f6z\u00f6tt van Ruzsa \u00c9va, a [&hellip;]<\/p>\n","protected":false},"author":3,"featured_media":7581,"comment_status":"closed","ping_status":"open","sticky":false,"template":"","format":"standard","meta":{"_acf_changed":false,"footnotes":"","_links_to":"","_links_to_target":""},"categories":[1],"tags":[],"class_list":["post-7580","post","type-post","status-publish","format-standard","has-post-thumbnail","hentry","category-hir"],"acf":[],"yoast_head":"<!-- This site is optimized with the Yoast SEO plugin v27.5 - https:\/\/yoast.com\/product\/yoast-seo-wordpress\/ -->\n<title>Magyar Arany \u00c9rdemkereszt polg\u00e1ri tagozat kit\u00fcntet\u00e9sben r\u00e9szes\u00fclt Ruzsa \u00c9va - Magyar Lev\u00e9lt\u00e1ri Port\u00e1l<\/title>\n<meta name=\"robots\" content=\"index, follow, max-snippet:-1, max-image-preview:large, max-video-preview:-1\" \/>\n<meta property=\"og:locale\" content=\"en_US\" \/>\n<meta property=\"og:type\" content=\"article\" \/>\n<meta property=\"og:title\" content=\"Magyar Arany \u00c9rdemkereszt polg\u00e1ri tagozat kit\u00fcntet\u00e9sben r\u00e9szes\u00fclt Ruzsa \u00c9va - Magyar Lev\u00e9lt\u00e1ri Port\u00e1l\" \/>\n<meta property=\"og:description\" content=\"Magyar Arany \u00c9rdemkereszt polg\u00e1ri tagozat kit\u00fcntet\u00e9sben r\u00e9szes\u00fclt Ruzsa \u00c9va, a Magyar Nemzeti Lev\u00e9lt\u00e1r Tolna V\u00e1rmegyei Lev\u00e9lt\u00e1r\u00e1nak igazgat\u00f3ja. Augusztus 20. alkalm\u00e1b\u00f3l adom\u00e1nyozhat\u00f3 \u00e1llami kit\u00fcntet\u00e9seket \u00e9s m\u0171v\u00e9szeti elismer\u00e9seket adott \u00e1t Hank\u00f3 Bal\u00e1zs kultur\u00e1lis \u00e9s innov\u00e1ci\u00f3s miniszter Varga-Bajusz Veronik\u00e1val \u00e9s Z\u00e1vogy\u00e1n Magdoln\u00e1val, a t\u00e1rca \u00e1llamtitk\u00e1raival augusztus 19-\u00e9n Budapesten, a Pesti Vigad\u00f3ban. A d\u00edjazottak k\u00f6z\u00f6tt van Ruzsa \u00c9va, a [&hellip;]\" \/>\n<meta property=\"og:url\" content=\"https:\/\/archivportal.hu\/index.php\/magyar-arany-erdemkereszt-polgari-tagozat-kituntetesben-reszesult-ruzsa-eva\/\" \/>\n<meta property=\"og:site_name\" content=\"Magyar Lev\u00e9lt\u00e1ri Port\u00e1l\" \/>\n<meta property=\"article:publisher\" content=\"https:\/\/www.facebook.com\/magyarleveltarosok.egyesulete\" \/>\n<meta property=\"article:published_time\" content=\"2025-08-21T12:16:12+00:00\" \/>\n<meta property=\"og:image\" content=\"https:\/\/archivportal.hu\/wp-content\/uploads\/2025\/08\/ruzsa_eva_indexkep.png\" \/>\n\t<meta property=\"og:image:width\" content=\"1000\" \/>\n\t<meta property=\"og:image:height\" content=\"637\" \/>\n\t<meta property=\"og:image:type\" content=\"image\/png\" \/>\n<meta name=\"author\" content=\"Ternovacz Balint\" \/>\n<meta name=\"twitter:card\" content=\"summary_large_image\" \/>\n<meta name=\"twitter:label1\" content=\"Written by\" \/>\n\t<meta name=\"twitter:data1\" content=\"Ternovacz Balint\" \/>\n\t<meta name=\"twitter:label2\" content=\"Est. reading time\" \/>\n\t<meta name=\"twitter:data2\" content=\"1 minute\" \/>\n<script type=\"application\/ld+json\" class=\"yoast-schema-graph\">{\"@context\":\"https:\\\/\\\/schema.org\",\"@graph\":[{\"@type\":\"Article\",\"@id\":\"https:\\\/\\\/archivportal.hu\\\/index.php\\\/magyar-arany-erdemkereszt-polgari-tagozat-kituntetesben-reszesult-ruzsa-eva\\\/#article\",\"isPartOf\":{\"@id\":\"https:\\\/\\\/archivportal.hu\\\/index.php\\\/magyar-arany-erdemkereszt-polgari-tagozat-kituntetesben-reszesult-ruzsa-eva\\\/\"},\"author\":{\"name\":\"Ternovacz Balint\",\"@id\":\"https:\\\/\\\/archivportal.hu\\\/#\\\/schema\\\/person\\\/231cf595275618403082675708746a44\"},\"headline\":\"Magyar Arany \u00c9rdemkereszt polg\u00e1ri tagozat kit\u00fcntet\u00e9sben r\u00e9szes\u00fclt Ruzsa \u00c9va\",\"datePublished\":\"2025-08-21T12:16:12+00:00\",\"mainEntityOfPage\":{\"@id\":\"https:\\\/\\\/archivportal.hu\\\/index.php\\\/magyar-arany-erdemkereszt-polgari-tagozat-kituntetesben-reszesult-ruzsa-eva\\\/\"},\"wordCount\":273,\"publisher\":{\"@id\":\"https:\\\/\\\/archivportal.hu\\\/#organization\"},\"image\":{\"@id\":\"https:\\\/\\\/archivportal.hu\\\/index.php\\\/magyar-arany-erdemkereszt-polgari-tagozat-kituntetesben-reszesult-ruzsa-eva\\\/#primaryimage\"},\"thumbnailUrl\":\"https:\\\/\\\/archivportal.hu\\\/wp-content\\\/uploads\\\/2025\\\/08\\\/ruzsa_eva_indexkep.png\",\"articleSection\":[\"H\u00edr\"],\"inLanguage\":\"en-US\"},{\"@type\":\"WebPage\",\"@id\":\"https:\\\/\\\/archivportal.hu\\\/index.php\\\/magyar-arany-erdemkereszt-polgari-tagozat-kituntetesben-reszesult-ruzsa-eva\\\/\",\"url\":\"https:\\\/\\\/archivportal.hu\\\/index.php\\\/magyar-arany-erdemkereszt-polgari-tagozat-kituntetesben-reszesult-ruzsa-eva\\\/\",\"name\":\"Magyar Arany \u00c9rdemkereszt polg\u00e1ri tagozat kit\u00fcntet\u00e9sben r\u00e9szes\u00fclt Ruzsa \u00c9va - Magyar Lev\u00e9lt\u00e1ri Port\u00e1l\",\"isPartOf\":{\"@id\":\"https:\\\/\\\/archivportal.hu\\\/#website\"},\"primaryImageOfPage\":{\"@id\":\"https:\\\/\\\/archivportal.hu\\\/index.php\\\/magyar-arany-erdemkereszt-polgari-tagozat-kituntetesben-reszesult-ruzsa-eva\\\/#primaryimage\"},\"image\":{\"@id\":\"https:\\\/\\\/archivportal.hu\\\/index.php\\\/magyar-arany-erdemkereszt-polgari-tagozat-kituntetesben-reszesult-ruzsa-eva\\\/#primaryimage\"},\"thumbnailUrl\":\"https:\\\/\\\/archivportal.hu\\\/wp-content\\\/uploads\\\/2025\\\/08\\\/ruzsa_eva_indexkep.png\",\"datePublished\":\"2025-08-21T12:16:12+00:00\",\"breadcrumb\":{\"@id\":\"https:\\\/\\\/archivportal.hu\\\/index.php\\\/magyar-arany-erdemkereszt-polgari-tagozat-kituntetesben-reszesult-ruzsa-eva\\\/#breadcrumb\"},\"inLanguage\":\"en-US\",\"potentialAction\":[{\"@type\":\"ReadAction\",\"target\":[\"https:\\\/\\\/archivportal.hu\\\/index.php\\\/magyar-arany-erdemkereszt-polgari-tagozat-kituntetesben-reszesult-ruzsa-eva\\\/\"]}]},{\"@type\":\"ImageObject\",\"inLanguage\":\"en-US\",\"@id\":\"https:\\\/\\\/archivportal.hu\\\/index.php\\\/magyar-arany-erdemkereszt-polgari-tagozat-kituntetesben-reszesult-ruzsa-eva\\\/#primaryimage\",\"url\":\"https:\\\/\\\/archivportal.hu\\\/wp-content\\\/uploads\\\/2025\\\/08\\\/ruzsa_eva_indexkep.png\",\"contentUrl\":\"https:\\\/\\\/archivportal.hu\\\/wp-content\\\/uploads\\\/2025\\\/08\\\/ruzsa_eva_indexkep.png\",\"width\":1000,\"height\":637},{\"@type\":\"BreadcrumbList\",\"@id\":\"https:\\\/\\\/archivportal.hu\\\/index.php\\\/magyar-arany-erdemkereszt-polgari-tagozat-kituntetesben-reszesult-ruzsa-eva\\\/#breadcrumb\",\"itemListElement\":[{\"@type\":\"ListItem\",\"position\":1,\"name\":\"Home\",\"item\":\"https:\\\/\\\/archivportal.hu\\\/\"},{\"@type\":\"ListItem\",\"position\":2,\"name\":\"Magyar Arany \u00c9rdemkereszt polg\u00e1ri tagozat kit\u00fcntet\u00e9sben r\u00e9szes\u00fclt Ruzsa \u00c9va\"}]},{\"@type\":\"WebSite\",\"@id\":\"https:\\\/\\\/archivportal.hu\\\/#website\",\"url\":\"https:\\\/\\\/archivportal.hu\\\/\",\"name\":\"Magyar Lev\u00e9lt\u00e1ri Port\u00e1l\",\"description\":\"Az online foly\u00f3irat\",\"publisher\":{\"@id\":\"https:\\\/\\\/archivportal.hu\\\/#organization\"},\"potentialAction\":[{\"@type\":\"SearchAction\",\"target\":{\"@type\":\"EntryPoint\",\"urlTemplate\":\"https:\\\/\\\/archivportal.hu\\\/?s={search_term_string}\"},\"query-input\":{\"@type\":\"PropertyValueSpecification\",\"valueRequired\":true,\"valueName\":\"search_term_string\"}}],\"inLanguage\":\"en-US\"},{\"@type\":\"Organization\",\"@id\":\"https:\\\/\\\/archivportal.hu\\\/#organization\",\"name\":\"Magyar Lev\u00e9lt\u00e1ri Port\u00e1l\",\"url\":\"https:\\\/\\\/archivportal.hu\\\/\",\"logo\":{\"@type\":\"ImageObject\",\"inLanguage\":\"en-US\",\"@id\":\"https:\\\/\\\/archivportal.hu\\\/#\\\/schema\\\/logo\\\/image\\\/\",\"url\":\"https:\\\/\\\/archivportal.hu\\\/wp-content\\\/uploads\\\/2022\\\/06\\\/MLP_logo_HU.png\",\"contentUrl\":\"https:\\\/\\\/archivportal.hu\\\/wp-content\\\/uploads\\\/2022\\\/06\\\/MLP_logo_HU.png\",\"width\":1252,\"height\":144,\"caption\":\"Magyar Lev\u00e9lt\u00e1ri Port\u00e1l\"},\"image\":{\"@id\":\"https:\\\/\\\/archivportal.hu\\\/#\\\/schema\\\/logo\\\/image\\\/\"},\"sameAs\":[\"https:\\\/\\\/www.facebook.com\\\/magyarleveltarosok.egyesulete\"]},{\"@type\":\"Person\",\"@id\":\"https:\\\/\\\/archivportal.hu\\\/#\\\/schema\\\/person\\\/231cf595275618403082675708746a44\",\"name\":\"Ternovacz Balint\",\"image\":{\"@type\":\"ImageObject\",\"inLanguage\":\"en-US\",\"@id\":\"https:\\\/\\\/secure.gravatar.com\\\/avatar\\\/50ccbec506f1beed0bc164006d91a3b8a2f082d5df5136373dbeb00162e93fdc?s=96&d=mm&r=g\",\"url\":\"https:\\\/\\\/secure.gravatar.com\\\/avatar\\\/50ccbec506f1beed0bc164006d91a3b8a2f082d5df5136373dbeb00162e93fdc?s=96&d=mm&r=g\",\"contentUrl\":\"https:\\\/\\\/secure.gravatar.com\\\/avatar\\\/50ccbec506f1beed0bc164006d91a3b8a2f082d5df5136373dbeb00162e93fdc?s=96&d=mm&r=g\",\"caption\":\"Ternovacz Balint\"},\"url\":\"https:\\\/\\\/archivportal.hu\\\/index.php\\\/author\\\/ternovacz-balint\\\/\"}]}<\/script>\n<!-- \/ Yoast SEO plugin. -->","yoast_head_json":{"title":"Magyar Arany \u00c9rdemkereszt polg\u00e1ri tagozat kit\u00fcntet\u00e9sben r\u00e9szes\u00fclt Ruzsa \u00c9va - Magyar Lev\u00e9lt\u00e1ri Port\u00e1l","robots":{"index":"index","follow":"follow","max-snippet":"max-snippet:-1","max-image-preview":"max-image-preview:large","max-video-preview":"max-video-preview:-1"},"og_locale":"en_US","og_type":"article","og_title":"Magyar Arany \u00c9rdemkereszt polg\u00e1ri tagozat kit\u00fcntet\u00e9sben r\u00e9szes\u00fclt Ruzsa \u00c9va - Magyar Lev\u00e9lt\u00e1ri Port\u00e1l","og_description":"Magyar Arany \u00c9rdemkereszt polg\u00e1ri tagozat kit\u00fcntet\u00e9sben r\u00e9szes\u00fclt Ruzsa \u00c9va, a Magyar Nemzeti Lev\u00e9lt\u00e1r Tolna V\u00e1rmegyei Lev\u00e9lt\u00e1r\u00e1nak igazgat\u00f3ja. Augusztus 20. alkalm\u00e1b\u00f3l adom\u00e1nyozhat\u00f3 \u00e1llami kit\u00fcntet\u00e9seket \u00e9s m\u0171v\u00e9szeti elismer\u00e9seket adott \u00e1t Hank\u00f3 Bal\u00e1zs kultur\u00e1lis \u00e9s innov\u00e1ci\u00f3s miniszter Varga-Bajusz Veronik\u00e1val \u00e9s Z\u00e1vogy\u00e1n Magdoln\u00e1val, a t\u00e1rca \u00e1llamtitk\u00e1raival augusztus 19-\u00e9n Budapesten, a Pesti Vigad\u00f3ban. A d\u00edjazottak k\u00f6z\u00f6tt van Ruzsa \u00c9va, a [&hellip;]","og_url":"https:\/\/archivportal.hu\/index.php\/magyar-arany-erdemkereszt-polgari-tagozat-kituntetesben-reszesult-ruzsa-eva\/","og_site_name":"Magyar Lev\u00e9lt\u00e1ri Port\u00e1l","article_publisher":"https:\/\/www.facebook.com\/magyarleveltarosok.egyesulete","article_published_time":"2025-08-21T12:16:12+00:00","og_image":[{"width":1000,"height":637,"url":"https:\/\/archivportal.hu\/wp-content\/uploads\/2025\/08\/ruzsa_eva_indexkep.png","type":"image\/png"}],"author":"Ternovacz Balint","twitter_card":"summary_large_image","twitter_misc":{"Written by":"Ternovacz Balint","Est. reading time":"1 minute"},"schema":{"@context":"https:\/\/schema.org","@graph":[{"@type":"Article","@id":"https:\/\/archivportal.hu\/index.php\/magyar-arany-erdemkereszt-polgari-tagozat-kituntetesben-reszesult-ruzsa-eva\/#article","isPartOf":{"@id":"https:\/\/archivportal.hu\/index.php\/magyar-arany-erdemkereszt-polgari-tagozat-kituntetesben-reszesult-ruzsa-eva\/"},"author":{"name":"Ternovacz Balint","@id":"https:\/\/archivportal.hu\/#\/schema\/person\/231cf595275618403082675708746a44"},"headline":"Magyar Arany \u00c9rdemkereszt polg\u00e1ri tagozat kit\u00fcntet\u00e9sben r\u00e9szes\u00fclt Ruzsa \u00c9va","datePublished":"2025-08-21T12:16:12+00:00","mainEntityOfPage":{"@id":"https:\/\/archivportal.hu\/index.php\/magyar-arany-erdemkereszt-polgari-tagozat-kituntetesben-reszesult-ruzsa-eva\/"},"wordCount":273,"publisher":{"@id":"https:\/\/archivportal.hu\/#organization"},"image":{"@id":"https:\/\/archivportal.hu\/index.php\/magyar-arany-erdemkereszt-polgari-tagozat-kituntetesben-reszesult-ruzsa-eva\/#primaryimage"},"thumbnailUrl":"https:\/\/archivportal.hu\/wp-content\/uploads\/2025\/08\/ruzsa_eva_indexkep.png","articleSection":["H\u00edr"],"inLanguage":"en-US"},{"@type":"WebPage","@id":"https:\/\/archivportal.hu\/index.php\/magyar-arany-erdemkereszt-polgari-tagozat-kituntetesben-reszesult-ruzsa-eva\/","url":"https:\/\/archivportal.hu\/index.php\/magyar-arany-erdemkereszt-polgari-tagozat-kituntetesben-reszesult-ruzsa-eva\/","name":"Magyar Arany \u00c9rdemkereszt polg\u00e1ri tagozat kit\u00fcntet\u00e9sben r\u00e9szes\u00fclt Ruzsa \u00c9va - Magyar Lev\u00e9lt\u00e1ri Port\u00e1l","isPartOf":{"@id":"https:\/\/archivportal.hu\/#website"},"primaryImageOfPage":{"@id":"https:\/\/archivportal.hu\/index.php\/magyar-arany-erdemkereszt-polgari-tagozat-kituntetesben-reszesult-ruzsa-eva\/#primaryimage"},"image":{"@id":"https:\/\/archivportal.hu\/index.php\/magyar-arany-erdemkereszt-polgari-tagozat-kituntetesben-reszesult-ruzsa-eva\/#primaryimage"},"thumbnailUrl":"https:\/\/archivportal.hu\/wp-content\/uploads\/2025\/08\/ruzsa_eva_indexkep.png","datePublished":"2025-08-21T12:16:12+00:00","breadcrumb":{"@id":"https:\/\/archivportal.hu\/index.php\/magyar-arany-erdemkereszt-polgari-tagozat-kituntetesben-reszesult-ruzsa-eva\/#breadcrumb"},"inLanguage":"en-US","potentialAction":[{"@type":"ReadAction","target":["https:\/\/archivportal.hu\/index.php\/magyar-arany-erdemkereszt-polgari-tagozat-kituntetesben-reszesult-ruzsa-eva\/"]}]},{"@type":"ImageObject","inLanguage":"en-US","@id":"https:\/\/archivportal.hu\/index.php\/magyar-arany-erdemkereszt-polgari-tagozat-kituntetesben-reszesult-ruzsa-eva\/#primaryimage","url":"https:\/\/archivportal.hu\/wp-content\/uploads\/2025\/08\/ruzsa_eva_indexkep.png","contentUrl":"https:\/\/archivportal.hu\/wp-content\/uploads\/2025\/08\/ruzsa_eva_indexkep.png","width":1000,"height":637},{"@type":"BreadcrumbList","@id":"https:\/\/archivportal.hu\/index.php\/magyar-arany-erdemkereszt-polgari-tagozat-kituntetesben-reszesult-ruzsa-eva\/#breadcrumb","itemListElement":[{"@type":"ListItem","position":1,"name":"Home","item":"https:\/\/archivportal.hu\/"},{"@type":"ListItem","position":2,"name":"Magyar Arany \u00c9rdemkereszt polg\u00e1ri tagozat kit\u00fcntet\u00e9sben r\u00e9szes\u00fclt Ruzsa \u00c9va"}]},{"@type":"WebSite","@id":"https:\/\/archivportal.hu\/#website","url":"https:\/\/archivportal.hu\/","name":"Magyar Lev\u00e9lt\u00e1ri Port\u00e1l","description":"Az online foly\u00f3irat","publisher":{"@id":"https:\/\/archivportal.hu\/#organization"},"potentialAction":[{"@type":"SearchAction","target":{"@type":"EntryPoint","urlTemplate":"https:\/\/archivportal.hu\/?s={search_term_string}"},"query-input":{"@type":"PropertyValueSpecification","valueRequired":true,"valueName":"search_term_string"}}],"inLanguage":"en-US"},{"@type":"Organization","@id":"https:\/\/archivportal.hu\/#organization","name":"Magyar Lev\u00e9lt\u00e1ri Port\u00e1l","url":"https:\/\/archivportal.hu\/","logo":{"@type":"ImageObject","inLanguage":"en-US","@id":"https:\/\/archivportal.hu\/#\/schema\/logo\/image\/","url":"https:\/\/archivportal.hu\/wp-content\/uploads\/2022\/06\/MLP_logo_HU.png","contentUrl":"https:\/\/archivportal.hu\/wp-content\/uploads\/2022\/06\/MLP_logo_HU.png","width":1252,"height":144,"caption":"Magyar Lev\u00e9lt\u00e1ri Port\u00e1l"},"image":{"@id":"https:\/\/archivportal.hu\/#\/schema\/logo\/image\/"},"sameAs":["https:\/\/www.facebook.com\/magyarleveltarosok.egyesulete"]},{"@type":"Person","@id":"https:\/\/archivportal.hu\/#\/schema\/person\/231cf595275618403082675708746a44","name":"Ternovacz Balint","image":{"@type":"ImageObject","inLanguage":"en-US","@id":"https:\/\/secure.gravatar.com\/avatar\/50ccbec506f1beed0bc164006d91a3b8a2f082d5df5136373dbeb00162e93fdc?s=96&d=mm&r=g","url":"https:\/\/secure.gravatar.com\/avatar\/50ccbec506f1beed0bc164006d91a3b8a2f082d5df5136373dbeb00162e93fdc?s=96&d=mm&r=g","contentUrl":"https:\/\/secure.gravatar.com\/avatar\/50ccbec506f1beed0bc164006d91a3b8a2f082d5df5136373dbeb00162e93fdc?s=96&d=mm&r=g","caption":"Ternovacz Balint"},"url":"https:\/\/archivportal.hu\/index.php\/author\/ternovacz-balint\/"}]}},"_links":{"self":[{"href":"https:\/\/archivportal.hu\/index.php\/wp-json\/wp\/v2\/posts\/7580","targetHints":{"allow":["GET"]}}],"collection":[{"href":"https:\/\/archivportal.hu\/index.php\/wp-json\/wp\/v2\/posts"}],"about":[{"href":"https:\/\/archivportal.hu\/index.php\/wp-json\/wp\/v2\/types\/post"}],"author":[{"embeddable":true,"href":"https:\/\/archivportal.hu\/index.php\/wp-json\/wp\/v2\/users\/3"}],"replies":[{"embeddable":true,"href":"https:\/\/archivportal.hu\/index.php\/wp-json\/wp\/v2\/comments?post=7580"}],"version-history":[{"count":1,"href":"https:\/\/archivportal.hu\/index.php\/wp-json\/wp\/v2\/posts\/7580\/revisions"}],"predecessor-version":[{"id":7583,"href":"https:\/\/archivportal.hu\/index.php\/wp-json\/wp\/v2\/posts\/7580\/revisions\/7583"}],"wp:featuredmedia":[{"embeddable":true,"href":"https:\/\/archivportal.hu\/index.php\/wp-json\/wp\/v2\/media\/7581"}],"wp:attachment":[{"href":"https:\/\/archivportal.hu\/index.php\/wp-json\/wp\/v2\/media?parent=7580"}],"wp:term":[{"taxonomy":"category","embeddable":true,"href":"https:\/\/archivportal.hu\/index.php\/wp-json\/wp\/v2\/categories?post=7580"},{"taxonomy":"post_tag","embeddable":true,"href":"https:\/\/archivportal.hu\/index.php\/wp-json\/wp\/v2\/tags?post=7580"}],"curies":[{"name":"wp","href":"https:\/\/api.w.org\/{rel}","templated":true}]}}