{"id":7585,"date":"2025-08-27T08:00:51","date_gmt":"2025-08-27T08:00:51","guid":{"rendered":"https:\/\/archivportal.hu\/?p=7585"},"modified":"2025-08-27T08:00:52","modified_gmt":"2025-08-27T08:00:52","slug":"leveltarosok-talalkozoja-a-gyulafehervari-foegyhazmegyei-leveltar-kozpontban","status":"publish","type":"post","link":"https:\/\/archivportal.hu\/index.php\/leveltarosok-talalkozoja-a-gyulafehervari-foegyhazmegyei-leveltar-kozpontban\/","title":{"rendered":"Lev\u00e9lt\u00e1rosok tal\u00e1lkoz\u00f3ja a Gyulafeh\u00e9rv\u00e1ri F\u0151egyh\u00e1zmegyei Lev\u00e9lt\u00e1r k\u00f6zpontban"},"content":{"rendered":"\n<p>Szent L\u0151rinc v\u00e9rtan\u00fa a lev\u00e9lt\u00e1rosok egyik v\u00e9d\u0151szentje. A Gyulafeh\u00e9rv\u00e1ri F\u0151egyh\u00e1zmegyei Lev\u00e9lt\u00e1r munkat\u00e1rsai imm\u00e1r nyolcadik alkalommal tal\u00e1lkoztak augusztus 22-\u00e9n.<\/p>\n\n\n\n<figure class=\"wp-block-embed is-type-wp-embed is-provider-romkat-ro wp-block-embed-romkat-ro\"><div class=\"wp-block-embed__wrapper\">\n<blockquote class=\"wp-embedded-content\" data-secret=\"DZAjqcw9l9\"><a href=\"https:\/\/romkat.ro\/2025\/08\/26\/vedoszentjuk-szent-lorinc-unnepe-alkalmabol-talalkoztak-a-leveltarosok\/\">V\u00e9d\u0151szentj\u00fck, Szent L\u0151rinc \u00fcnnepe alkalm\u00e1b\u00f3l tal\u00e1lkoztak a lev\u00e9lt\u00e1rosok<\/a><\/blockquote><iframe class=\"wp-embedded-content\" sandbox=\"allow-scripts\" security=\"restricted\" style=\"position: absolute; visibility: hidden;\" title=\"&#8220;V\u00e9d\u0151szentj\u00fck, Szent L\u0151rinc \u00fcnnepe alkalm\u00e1b\u00f3l tal\u00e1lkoztak a lev\u00e9lt\u00e1rosok&#8221; &#8212; RomKat.ro\" src=\"https:\/\/romkat.ro\/2025\/08\/26\/vedoszentjuk-szent-lorinc-unnepe-alkalmabol-talalkoztak-a-leveltarosok\/embed\/#?secret=BMmLRa0W5h#?secret=DZAjqcw9l9\" data-secret=\"DZAjqcw9l9\" width=\"600\" height=\"338\" frameborder=\"0\" marginwidth=\"0\" marginheight=\"0\" scrolling=\"no\"><\/iframe>\n<\/div><\/figure>\n","protected":false},"excerpt":{"rendered":"<p>Szent L\u0151rinc v\u00e9rtan\u00fa a lev\u00e9lt\u00e1rosok egyik v\u00e9d\u0151szentje. A Gyulafeh\u00e9rv\u00e1ri F\u0151egyh\u00e1zmegyei Lev\u00e9lt\u00e1r munkat\u00e1rsai imm\u00e1r nyolcadik alkalommal tal\u00e1lkoztak augusztus 22-\u00e9n.<\/p>\n","protected":false},"author":6,"featured_media":7587,"comment_status":"closed","ping_status":"open","sticky":false,"template":"","format":"standard","meta":{"_acf_changed":false,"footnotes":"","_links_to":"","_links_to_target":""},"categories":[1],"tags":[],"class_list":["post-7585","post","type-post","status-publish","format-standard","has-post-thumbnail","hentry","category-hir"],"acf":[],"yoast_head":"<!-- This site is optimized with the Yoast SEO plugin v27.5 - https:\/\/yoast.com\/product\/yoast-seo-wordpress\/ -->\n<title>Lev\u00e9lt\u00e1rosok tal\u00e1lkoz\u00f3ja a Gyulafeh\u00e9rv\u00e1ri F\u0151egyh\u00e1zmegyei Lev\u00e9lt\u00e1r k\u00f6zpontban - Magyar Lev\u00e9lt\u00e1ri Port\u00e1l<\/title>\n<meta name=\"robots\" content=\"index, follow, max-snippet:-1, max-image-preview:large, max-video-preview:-1\" \/>\n<meta property=\"og:locale\" content=\"en_US\" \/>\n<meta property=\"og:type\" content=\"article\" \/>\n<meta property=\"og:title\" content=\"Lev\u00e9lt\u00e1rosok tal\u00e1lkoz\u00f3ja a Gyulafeh\u00e9rv\u00e1ri F\u0151egyh\u00e1zmegyei Lev\u00e9lt\u00e1r k\u00f6zpontban - Magyar Lev\u00e9lt\u00e1ri Port\u00e1l\" \/>\n<meta property=\"og:description\" content=\"Szent L\u0151rinc v\u00e9rtan\u00fa a lev\u00e9lt\u00e1rosok egyik v\u00e9d\u0151szentje. A Gyulafeh\u00e9rv\u00e1ri F\u0151egyh\u00e1zmegyei Lev\u00e9lt\u00e1r munkat\u00e1rsai imm\u00e1r nyolcadik alkalommal tal\u00e1lkoztak augusztus 22-\u00e9n.\" \/>\n<meta property=\"og:url\" content=\"https:\/\/archivportal.hu\/index.php\/leveltarosok-talalkozoja-a-gyulafehervari-foegyhazmegyei-leveltar-kozpontban\/\" \/>\n<meta property=\"og:site_name\" content=\"Magyar Lev\u00e9lt\u00e1ri Port\u00e1l\" \/>\n<meta property=\"article:publisher\" content=\"https:\/\/www.facebook.com\/magyarleveltarosok.egyesulete\" \/>\n<meta property=\"article:published_time\" content=\"2025-08-27T08:00:51+00:00\" \/>\n<meta property=\"article:modified_time\" content=\"2025-08-27T08:00:52+00:00\" \/>\n<meta property=\"og:image\" content=\"https:\/\/archivportal.hu\/wp-content\/uploads\/2025\/08\/Gyulafehervar.jpg\" \/>\n\t<meta property=\"og:image:width\" content=\"2488\" \/>\n\t<meta property=\"og:image:height\" content=\"1112\" \/>\n\t<meta property=\"og:image:type\" content=\"image\/jpeg\" \/>\n<meta name=\"author\" content=\"Garami Erika\" \/>\n<meta name=\"twitter:card\" content=\"summary_large_image\" \/>\n<meta name=\"twitter:label1\" content=\"Written by\" \/>\n\t<meta name=\"twitter:data1\" content=\"Garami Erika\" \/>\n\t<meta name=\"twitter:label2\" content=\"Est. reading time\" \/>\n\t<meta name=\"twitter:data2\" content=\"1 minute\" \/>\n<script type=\"application\/ld+json\" class=\"yoast-schema-graph\">{\"@context\":\"https:\\\/\\\/schema.org\",\"@graph\":[{\"@type\":\"Article\",\"@id\":\"https:\\\/\\\/archivportal.hu\\\/index.php\\\/leveltarosok-talalkozoja-a-gyulafehervari-foegyhazmegyei-leveltar-kozpontban\\\/#article\",\"isPartOf\":{\"@id\":\"https:\\\/\\\/archivportal.hu\\\/index.php\\\/leveltarosok-talalkozoja-a-gyulafehervari-foegyhazmegyei-leveltar-kozpontban\\\/\"},\"author\":{\"name\":\"Garami Erika\",\"@id\":\"https:\\\/\\\/archivportal.hu\\\/#\\\/schema\\\/person\\\/e10bc28b832bab46e0a669599d3462f1\"},\"headline\":\"Lev\u00e9lt\u00e1rosok tal\u00e1lkoz\u00f3ja a Gyulafeh\u00e9rv\u00e1ri F\u0151egyh\u00e1zmegyei Lev\u00e9lt\u00e1r k\u00f6zpontban\",\"datePublished\":\"2025-08-27T08:00:51+00:00\",\"dateModified\":\"2025-08-27T08:00:52+00:00\",\"mainEntityOfPage\":{\"@id\":\"https:\\\/\\\/archivportal.hu\\\/index.php\\\/leveltarosok-talalkozoja-a-gyulafehervari-foegyhazmegyei-leveltar-kozpontban\\\/\"},\"wordCount\":74,\"publisher\":{\"@id\":\"https:\\\/\\\/archivportal.hu\\\/#organization\"},\"image\":{\"@id\":\"https:\\\/\\\/archivportal.hu\\\/index.php\\\/leveltarosok-talalkozoja-a-gyulafehervari-foegyhazmegyei-leveltar-kozpontban\\\/#primaryimage\"},\"thumbnailUrl\":\"https:\\\/\\\/archivportal.hu\\\/wp-content\\\/uploads\\\/2025\\\/08\\\/Gyulafehervar.jpg\",\"articleSection\":[\"H\u00edr\"],\"inLanguage\":\"en-US\"},{\"@type\":\"WebPage\",\"@id\":\"https:\\\/\\\/archivportal.hu\\\/index.php\\\/leveltarosok-talalkozoja-a-gyulafehervari-foegyhazmegyei-leveltar-kozpontban\\\/\",\"url\":\"https:\\\/\\\/archivportal.hu\\\/index.php\\\/leveltarosok-talalkozoja-a-gyulafehervari-foegyhazmegyei-leveltar-kozpontban\\\/\",\"name\":\"Lev\u00e9lt\u00e1rosok tal\u00e1lkoz\u00f3ja a Gyulafeh\u00e9rv\u00e1ri F\u0151egyh\u00e1zmegyei Lev\u00e9lt\u00e1r k\u00f6zpontban - Magyar Lev\u00e9lt\u00e1ri Port\u00e1l\",\"isPartOf\":{\"@id\":\"https:\\\/\\\/archivportal.hu\\\/#website\"},\"primaryImageOfPage\":{\"@id\":\"https:\\\/\\\/archivportal.hu\\\/index.php\\\/leveltarosok-talalkozoja-a-gyulafehervari-foegyhazmegyei-leveltar-kozpontban\\\/#primaryimage\"},\"image\":{\"@id\":\"https:\\\/\\\/archivportal.hu\\\/index.php\\\/leveltarosok-talalkozoja-a-gyulafehervari-foegyhazmegyei-leveltar-kozpontban\\\/#primaryimage\"},\"thumbnailUrl\":\"https:\\\/\\\/archivportal.hu\\\/wp-content\\\/uploads\\\/2025\\\/08\\\/Gyulafehervar.jpg\",\"datePublished\":\"2025-08-27T08:00:51+00:00\",\"dateModified\":\"2025-08-27T08:00:52+00:00\",\"breadcrumb\":{\"@id\":\"https:\\\/\\\/archivportal.hu\\\/index.php\\\/leveltarosok-talalkozoja-a-gyulafehervari-foegyhazmegyei-leveltar-kozpontban\\\/#breadcrumb\"},\"inLanguage\":\"en-US\",\"potentialAction\":[{\"@type\":\"ReadAction\",\"target\":[\"https:\\\/\\\/archivportal.hu\\\/index.php\\\/leveltarosok-talalkozoja-a-gyulafehervari-foegyhazmegyei-leveltar-kozpontban\\\/\"]}]},{\"@type\":\"ImageObject\",\"inLanguage\":\"en-US\",\"@id\":\"https:\\\/\\\/archivportal.hu\\\/index.php\\\/leveltarosok-talalkozoja-a-gyulafehervari-foegyhazmegyei-leveltar-kozpontban\\\/#primaryimage\",\"url\":\"https:\\\/\\\/archivportal.hu\\\/wp-content\\\/uploads\\\/2025\\\/08\\\/Gyulafehervar.jpg\",\"contentUrl\":\"https:\\\/\\\/archivportal.hu\\\/wp-content\\\/uploads\\\/2025\\\/08\\\/Gyulafehervar.jpg\",\"width\":2488,\"height\":1112},{\"@type\":\"BreadcrumbList\",\"@id\":\"https:\\\/\\\/archivportal.hu\\\/index.php\\\/leveltarosok-talalkozoja-a-gyulafehervari-foegyhazmegyei-leveltar-kozpontban\\\/#breadcrumb\",\"itemListElement\":[{\"@type\":\"ListItem\",\"position\":1,\"name\":\"Home\",\"item\":\"https:\\\/\\\/archivportal.hu\\\/\"},{\"@type\":\"ListItem\",\"position\":2,\"name\":\"Lev\u00e9lt\u00e1rosok tal\u00e1lkoz\u00f3ja a Gyulafeh\u00e9rv\u00e1ri F\u0151egyh\u00e1zmegyei Lev\u00e9lt\u00e1r k\u00f6zpontban\"}]},{\"@type\":\"WebSite\",\"@id\":\"https:\\\/\\\/archivportal.hu\\\/#website\",\"url\":\"https:\\\/\\\/archivportal.hu\\\/\",\"name\":\"Magyar Lev\u00e9lt\u00e1ri Port\u00e1l\",\"description\":\"Az online foly\u00f3irat\",\"publisher\":{\"@id\":\"https:\\\/\\\/archivportal.hu\\\/#organization\"},\"potentialAction\":[{\"@type\":\"SearchAction\",\"target\":{\"@type\":\"EntryPoint\",\"urlTemplate\":\"https:\\\/\\\/archivportal.hu\\\/?s={search_term_string}\"},\"query-input\":{\"@type\":\"PropertyValueSpecification\",\"valueRequired\":true,\"valueName\":\"search_term_string\"}}],\"inLanguage\":\"en-US\"},{\"@type\":\"Organization\",\"@id\":\"https:\\\/\\\/archivportal.hu\\\/#organization\",\"name\":\"Magyar Lev\u00e9lt\u00e1ri Port\u00e1l\",\"url\":\"https:\\\/\\\/archivportal.hu\\\/\",\"logo\":{\"@type\":\"ImageObject\",\"inLanguage\":\"en-US\",\"@id\":\"https:\\\/\\\/archivportal.hu\\\/#\\\/schema\\\/logo\\\/image\\\/\",\"url\":\"https:\\\/\\\/archivportal.hu\\\/wp-content\\\/uploads\\\/2022\\\/06\\\/MLP_logo_HU.png\",\"contentUrl\":\"https:\\\/\\\/archivportal.hu\\\/wp-content\\\/uploads\\\/2022\\\/06\\\/MLP_logo_HU.png\",\"width\":1252,\"height\":144,\"caption\":\"Magyar Lev\u00e9lt\u00e1ri Port\u00e1l\"},\"image\":{\"@id\":\"https:\\\/\\\/archivportal.hu\\\/#\\\/schema\\\/logo\\\/image\\\/\"},\"sameAs\":[\"https:\\\/\\\/www.facebook.com\\\/magyarleveltarosok.egyesulete\"]},{\"@type\":\"Person\",\"@id\":\"https:\\\/\\\/archivportal.hu\\\/#\\\/schema\\\/person\\\/e10bc28b832bab46e0a669599d3462f1\",\"name\":\"Garami Erika\",\"image\":{\"@type\":\"ImageObject\",\"inLanguage\":\"en-US\",\"@id\":\"https:\\\/\\\/secure.gravatar.com\\\/avatar\\\/0d425dd02bc6064252eb084ddfb6a378e0cbdaaad29d21513a52eb62caf8128b?s=96&d=mm&r=g\",\"url\":\"https:\\\/\\\/secure.gravatar.com\\\/avatar\\\/0d425dd02bc6064252eb084ddfb6a378e0cbdaaad29d21513a52eb62caf8128b?s=96&d=mm&r=g\",\"contentUrl\":\"https:\\\/\\\/secure.gravatar.com\\\/avatar\\\/0d425dd02bc6064252eb084ddfb6a378e0cbdaaad29d21513a52eb62caf8128b?s=96&d=mm&r=g\",\"caption\":\"Garami Erika\"},\"url\":\"https:\\\/\\\/archivportal.hu\\\/index.php\\\/author\\\/garami-erika\\\/\"}]}<\/script>\n<!-- \/ Yoast SEO plugin. -->","yoast_head_json":{"title":"Lev\u00e9lt\u00e1rosok tal\u00e1lkoz\u00f3ja a Gyulafeh\u00e9rv\u00e1ri F\u0151egyh\u00e1zmegyei Lev\u00e9lt\u00e1r k\u00f6zpontban - Magyar Lev\u00e9lt\u00e1ri Port\u00e1l","robots":{"index":"index","follow":"follow","max-snippet":"max-snippet:-1","max-image-preview":"max-image-preview:large","max-video-preview":"max-video-preview:-1"},"og_locale":"en_US","og_type":"article","og_title":"Lev\u00e9lt\u00e1rosok tal\u00e1lkoz\u00f3ja a Gyulafeh\u00e9rv\u00e1ri F\u0151egyh\u00e1zmegyei Lev\u00e9lt\u00e1r k\u00f6zpontban - Magyar Lev\u00e9lt\u00e1ri Port\u00e1l","og_description":"Szent L\u0151rinc v\u00e9rtan\u00fa a lev\u00e9lt\u00e1rosok egyik v\u00e9d\u0151szentje. A Gyulafeh\u00e9rv\u00e1ri F\u0151egyh\u00e1zmegyei Lev\u00e9lt\u00e1r munkat\u00e1rsai imm\u00e1r nyolcadik alkalommal tal\u00e1lkoztak augusztus 22-\u00e9n.","og_url":"https:\/\/archivportal.hu\/index.php\/leveltarosok-talalkozoja-a-gyulafehervari-foegyhazmegyei-leveltar-kozpontban\/","og_site_name":"Magyar Lev\u00e9lt\u00e1ri Port\u00e1l","article_publisher":"https:\/\/www.facebook.com\/magyarleveltarosok.egyesulete","article_published_time":"2025-08-27T08:00:51+00:00","article_modified_time":"2025-08-27T08:00:52+00:00","og_image":[{"width":2488,"height":1112,"url":"https:\/\/archivportal.hu\/wp-content\/uploads\/2025\/08\/Gyulafehervar.jpg","type":"image\/jpeg"}],"author":"Garami Erika","twitter_card":"summary_large_image","twitter_misc":{"Written by":"Garami Erika","Est. reading time":"1 minute"},"schema":{"@context":"https:\/\/schema.org","@graph":[{"@type":"Article","@id":"https:\/\/archivportal.hu\/index.php\/leveltarosok-talalkozoja-a-gyulafehervari-foegyhazmegyei-leveltar-kozpontban\/#article","isPartOf":{"@id":"https:\/\/archivportal.hu\/index.php\/leveltarosok-talalkozoja-a-gyulafehervari-foegyhazmegyei-leveltar-kozpontban\/"},"author":{"name":"Garami Erika","@id":"https:\/\/archivportal.hu\/#\/schema\/person\/e10bc28b832bab46e0a669599d3462f1"},"headline":"Lev\u00e9lt\u00e1rosok tal\u00e1lkoz\u00f3ja a Gyulafeh\u00e9rv\u00e1ri F\u0151egyh\u00e1zmegyei Lev\u00e9lt\u00e1r k\u00f6zpontban","datePublished":"2025-08-27T08:00:51+00:00","dateModified":"2025-08-27T08:00:52+00:00","mainEntityOfPage":{"@id":"https:\/\/archivportal.hu\/index.php\/leveltarosok-talalkozoja-a-gyulafehervari-foegyhazmegyei-leveltar-kozpontban\/"},"wordCount":74,"publisher":{"@id":"https:\/\/archivportal.hu\/#organization"},"image":{"@id":"https:\/\/archivportal.hu\/index.php\/leveltarosok-talalkozoja-a-gyulafehervari-foegyhazmegyei-leveltar-kozpontban\/#primaryimage"},"thumbnailUrl":"https:\/\/archivportal.hu\/wp-content\/uploads\/2025\/08\/Gyulafehervar.jpg","articleSection":["H\u00edr"],"inLanguage":"en-US"},{"@type":"WebPage","@id":"https:\/\/archivportal.hu\/index.php\/leveltarosok-talalkozoja-a-gyulafehervari-foegyhazmegyei-leveltar-kozpontban\/","url":"https:\/\/archivportal.hu\/index.php\/leveltarosok-talalkozoja-a-gyulafehervari-foegyhazmegyei-leveltar-kozpontban\/","name":"Lev\u00e9lt\u00e1rosok tal\u00e1lkoz\u00f3ja a Gyulafeh\u00e9rv\u00e1ri F\u0151egyh\u00e1zmegyei Lev\u00e9lt\u00e1r k\u00f6zpontban - Magyar Lev\u00e9lt\u00e1ri Port\u00e1l","isPartOf":{"@id":"https:\/\/archivportal.hu\/#website"},"primaryImageOfPage":{"@id":"https:\/\/archivportal.hu\/index.php\/leveltarosok-talalkozoja-a-gyulafehervari-foegyhazmegyei-leveltar-kozpontban\/#primaryimage"},"image":{"@id":"https:\/\/archivportal.hu\/index.php\/leveltarosok-talalkozoja-a-gyulafehervari-foegyhazmegyei-leveltar-kozpontban\/#primaryimage"},"thumbnailUrl":"https:\/\/archivportal.hu\/wp-content\/uploads\/2025\/08\/Gyulafehervar.jpg","datePublished":"2025-08-27T08:00:51+00:00","dateModified":"2025-08-27T08:00:52+00:00","breadcrumb":{"@id":"https:\/\/archivportal.hu\/index.php\/leveltarosok-talalkozoja-a-gyulafehervari-foegyhazmegyei-leveltar-kozpontban\/#breadcrumb"},"inLanguage":"en-US","potentialAction":[{"@type":"ReadAction","target":["https:\/\/archivportal.hu\/index.php\/leveltarosok-talalkozoja-a-gyulafehervari-foegyhazmegyei-leveltar-kozpontban\/"]}]},{"@type":"ImageObject","inLanguage":"en-US","@id":"https:\/\/archivportal.hu\/index.php\/leveltarosok-talalkozoja-a-gyulafehervari-foegyhazmegyei-leveltar-kozpontban\/#primaryimage","url":"https:\/\/archivportal.hu\/wp-content\/uploads\/2025\/08\/Gyulafehervar.jpg","contentUrl":"https:\/\/archivportal.hu\/wp-content\/uploads\/2025\/08\/Gyulafehervar.jpg","width":2488,"height":1112},{"@type":"BreadcrumbList","@id":"https:\/\/archivportal.hu\/index.php\/leveltarosok-talalkozoja-a-gyulafehervari-foegyhazmegyei-leveltar-kozpontban\/#breadcrumb","itemListElement":[{"@type":"ListItem","position":1,"name":"Home","item":"https:\/\/archivportal.hu\/"},{"@type":"ListItem","position":2,"name":"Lev\u00e9lt\u00e1rosok tal\u00e1lkoz\u00f3ja a Gyulafeh\u00e9rv\u00e1ri F\u0151egyh\u00e1zmegyei Lev\u00e9lt\u00e1r k\u00f6zpontban"}]},{"@type":"WebSite","@id":"https:\/\/archivportal.hu\/#website","url":"https:\/\/archivportal.hu\/","name":"Magyar Lev\u00e9lt\u00e1ri Port\u00e1l","description":"Az online foly\u00f3irat","publisher":{"@id":"https:\/\/archivportal.hu\/#organization"},"potentialAction":[{"@type":"SearchAction","target":{"@type":"EntryPoint","urlTemplate":"https:\/\/archivportal.hu\/?s={search_term_string}"},"query-input":{"@type":"PropertyValueSpecification","valueRequired":true,"valueName":"search_term_string"}}],"inLanguage":"en-US"},{"@type":"Organization","@id":"https:\/\/archivportal.hu\/#organization","name":"Magyar Lev\u00e9lt\u00e1ri Port\u00e1l","url":"https:\/\/archivportal.hu\/","logo":{"@type":"ImageObject","inLanguage":"en-US","@id":"https:\/\/archivportal.hu\/#\/schema\/logo\/image\/","url":"https:\/\/archivportal.hu\/wp-content\/uploads\/2022\/06\/MLP_logo_HU.png","contentUrl":"https:\/\/archivportal.hu\/wp-content\/uploads\/2022\/06\/MLP_logo_HU.png","width":1252,"height":144,"caption":"Magyar Lev\u00e9lt\u00e1ri Port\u00e1l"},"image":{"@id":"https:\/\/archivportal.hu\/#\/schema\/logo\/image\/"},"sameAs":["https:\/\/www.facebook.com\/magyarleveltarosok.egyesulete"]},{"@type":"Person","@id":"https:\/\/archivportal.hu\/#\/schema\/person\/e10bc28b832bab46e0a669599d3462f1","name":"Garami Erika","image":{"@type":"ImageObject","inLanguage":"en-US","@id":"https:\/\/secure.gravatar.com\/avatar\/0d425dd02bc6064252eb084ddfb6a378e0cbdaaad29d21513a52eb62caf8128b?s=96&d=mm&r=g","url":"https:\/\/secure.gravatar.com\/avatar\/0d425dd02bc6064252eb084ddfb6a378e0cbdaaad29d21513a52eb62caf8128b?s=96&d=mm&r=g","contentUrl":"https:\/\/secure.gravatar.com\/avatar\/0d425dd02bc6064252eb084ddfb6a378e0cbdaaad29d21513a52eb62caf8128b?s=96&d=mm&r=g","caption":"Garami Erika"},"url":"https:\/\/archivportal.hu\/index.php\/author\/garami-erika\/"}]}},"_links":{"self":[{"href":"https:\/\/archivportal.hu\/index.php\/wp-json\/wp\/v2\/posts\/7585","targetHints":{"allow":["GET"]}}],"collection":[{"href":"https:\/\/archivportal.hu\/index.php\/wp-json\/wp\/v2\/posts"}],"about":[{"href":"https:\/\/archivportal.hu\/index.php\/wp-json\/wp\/v2\/types\/post"}],"author":[{"embeddable":true,"href":"https:\/\/archivportal.hu\/index.php\/wp-json\/wp\/v2\/users\/6"}],"replies":[{"embeddable":true,"href":"https:\/\/archivportal.hu\/index.php\/wp-json\/wp\/v2\/comments?post=7585"}],"version-history":[{"count":1,"href":"https:\/\/archivportal.hu\/index.php\/wp-json\/wp\/v2\/posts\/7585\/revisions"}],"predecessor-version":[{"id":7586,"href":"https:\/\/archivportal.hu\/index.php\/wp-json\/wp\/v2\/posts\/7585\/revisions\/7586"}],"wp:featuredmedia":[{"embeddable":true,"href":"https:\/\/archivportal.hu\/index.php\/wp-json\/wp\/v2\/media\/7587"}],"wp:attachment":[{"href":"https:\/\/archivportal.hu\/index.php\/wp-json\/wp\/v2\/media?parent=7585"}],"wp:term":[{"taxonomy":"category","embeddable":true,"href":"https:\/\/archivportal.hu\/index.php\/wp-json\/wp\/v2\/categories?post=7585"},{"taxonomy":"post_tag","embeddable":true,"href":"https:\/\/archivportal.hu\/index.php\/wp-json\/wp\/v2\/tags?post=7585"}],"curies":[{"name":"wp","href":"https:\/\/api.w.org\/{rel}","templated":true}]}}