{"id":7751,"date":"2025-10-21T12:55:46","date_gmt":"2025-10-21T12:55:46","guid":{"rendered":"https:\/\/archivportal.hu\/?p=7751"},"modified":"2025-10-21T13:01:27","modified_gmt":"2025-10-21T13:01:27","slug":"leveltar-pedagogiai-foglalkozas-a-retorki-ben","status":"publish","type":"post","link":"https:\/\/archivportal.hu\/index.php\/leveltar-pedagogiai-foglalkozas-a-retorki-ben\/","title":{"rendered":"Francia di\u00e1kok a RET\u00d6RKI lev\u00e9lt\u00e1r-pedag\u00f3giai foglalkoz\u00e1s\u00e1n"},"content":{"rendered":"\n<p><strong>Az Int\u00e9zetet di\u00e1kcsereprogram keret\u00e9ben a Kecskem\u00e9ten tart\u00f3zkod\u00f3 pontoise-i \u00c9cole Saint Martin erasmusos di\u00e1kcsoportja kereste 2025. okt\u00f3ber 16-\u00e1n.<\/strong><\/p>\n\n\n\n<p>A l\u00e1togat\u00e1s szervez\u0151je, Marton J\u00f3zsef egy k\u00fcl\u00f6nleges t\u00e9m\u00e1t v\u00e1lasztott lev\u00e9lt\u00e1r-pedag\u00f3giai foglalkoz\u00e1sa t\u00e9m\u00e1j\u00e1ul. A frankof\u00f3n magyar emigr\u00e1ci\u00f3 egyik jeles k\u00e9pvisel\u0151j\u00e9nek, Szil\u00e1gyi J\u00f3zsefnek az int\u00e9zm\u00e9nyben \u0151rz\u00f6tt hagyat\u00e9k\u00e1ban a hazai kommunistaellenes mozgalmak egy izgalmas fejezet\u00e9nek iratai is megtal\u00e1lhat\u00f3ak: az \u00fcgy \u00f6ssze is k\u00f6ti Franciaorsz\u00e1g \u00e9s Magyarorsz\u00e1got, hiszen Budapestr\u0151l indult \u00e9s P\u00e1rizsban teljesedett ki. Az irategy\u00fcttes angol \u00e9s francia nyelv\u0171 dokumentumai kiv\u00e1l\u00f3 terep\u00fcl szolg\u00e1ltak di\u00e1kcsoportnak arra, hogy megismerjenek valamit abb\u00f3l a vil\u00e1gb\u00f3l, amivel \u201ea n\u00e1lunkn\u00e1l szerencs\u00e9sebb nemzeteknek\u201d nem kellett megismerkedni\u00fck. H\u00e1rom interakt\u00edv, forr\u00e1salap\u00fa feladaton kereszt\u00fcl gondolatban v\u00e9gigj\u00e1rhatt\u00e1k ennek az ellen\u00e1ll\u00e1snak egyes \u00e1llom\u00e1sait, melyeket \u00edgy nevezhetn\u00e9nk el: publication \u2013 reproduction \u2013 propagation. <\/p>\n\n\n\n<p>A foglalkoz\u00e1st kieg\u00e9sz\u00edtette Fej\u00e9rdy Gergely, a P\u00e1zm\u00e1ny P\u00e9ter Katolikus Egyetem tan\u00e1r\u00e1nak a magyar-francia kapcsolatokr\u00f3l sz\u00f3l\u00f3 el\u0151ad\u00e1sa. <\/p>\n\n\n\n<p>Forr\u00e1s: RET\u00d6RKI<\/p>\n\n\n\n<figure class=\"wp-block-image size-large\"><img fetchpriority=\"high\" decoding=\"async\" width=\"1024\" height=\"768\" src=\"https:\/\/archivportal.hu\/wp-content\/uploads\/2025\/10\/20251016_110805-1024x768.jpg\" alt=\"\" class=\"wp-image-7752\" srcset=\"https:\/\/archivportal.hu\/wp-content\/uploads\/2025\/10\/20251016_110805-1024x768.jpg 1024w, https:\/\/archivportal.hu\/wp-content\/uploads\/2025\/10\/20251016_110805-300x225.jpg 300w, https:\/\/archivportal.hu\/wp-content\/uploads\/2025\/10\/20251016_110805-768x576.jpg 768w, https:\/\/archivportal.hu\/wp-content\/uploads\/2025\/10\/20251016_110805-1536x1152.jpg 1536w, https:\/\/archivportal.hu\/wp-content\/uploads\/2025\/10\/20251016_110805-2048x1536.jpg 2048w\" sizes=\"(max-width: 1024px) 100vw, 1024px\" \/><\/figure>\n\n\n\n<figure class=\"wp-block-image size-large\"><img decoding=\"async\" width=\"1024\" height=\"766\" src=\"https:\/\/archivportal.hu\/wp-content\/uploads\/2025\/10\/IMG_20251016_102803-1024x766.jpg\" alt=\"\" class=\"wp-image-7753\" srcset=\"https:\/\/archivportal.hu\/wp-content\/uploads\/2025\/10\/IMG_20251016_102803-1024x766.jpg 1024w, https:\/\/archivportal.hu\/wp-content\/uploads\/2025\/10\/IMG_20251016_102803-300x224.jpg 300w, https:\/\/archivportal.hu\/wp-content\/uploads\/2025\/10\/IMG_20251016_102803-768x574.jpg 768w, https:\/\/archivportal.hu\/wp-content\/uploads\/2025\/10\/IMG_20251016_102803-1536x1149.jpg 1536w, https:\/\/archivportal.hu\/wp-content\/uploads\/2025\/10\/IMG_20251016_102803-2048x1532.jpg 2048w\" sizes=\"(max-width: 1024px) 100vw, 1024px\" \/><\/figure>\n\n\n\n<figure class=\"wp-block-image size-large\"><img decoding=\"async\" width=\"1024\" height=\"766\" src=\"https:\/\/archivportal.hu\/wp-content\/uploads\/2025\/10\/IMG_20251016_104526-1024x766.jpg\" alt=\"\" class=\"wp-image-7754\" srcset=\"https:\/\/archivportal.hu\/wp-content\/uploads\/2025\/10\/IMG_20251016_104526-1024x766.jpg 1024w, https:\/\/archivportal.hu\/wp-content\/uploads\/2025\/10\/IMG_20251016_104526-300x224.jpg 300w, https:\/\/archivportal.hu\/wp-content\/uploads\/2025\/10\/IMG_20251016_104526-768x574.jpg 768w, https:\/\/archivportal.hu\/wp-content\/uploads\/2025\/10\/IMG_20251016_104526-1536x1149.jpg 1536w, https:\/\/archivportal.hu\/wp-content\/uploads\/2025\/10\/IMG_20251016_104526-2048x1532.jpg 2048w\" sizes=\"(max-width: 1024px) 100vw, 1024px\" \/><\/figure>\n\n\n\n<figure class=\"wp-block-image size-large\"><img loading=\"lazy\" decoding=\"async\" width=\"1024\" height=\"766\" src=\"https:\/\/archivportal.hu\/wp-content\/uploads\/2025\/10\/IMG_20251016_111128-1024x766.jpg\" alt=\"\" class=\"wp-image-7755\" srcset=\"https:\/\/archivportal.hu\/wp-content\/uploads\/2025\/10\/IMG_20251016_111128-1024x766.jpg 1024w, https:\/\/archivportal.hu\/wp-content\/uploads\/2025\/10\/IMG_20251016_111128-300x224.jpg 300w, https:\/\/archivportal.hu\/wp-content\/uploads\/2025\/10\/IMG_20251016_111128-768x574.jpg 768w, https:\/\/archivportal.hu\/wp-content\/uploads\/2025\/10\/IMG_20251016_111128-1536x1149.jpg 1536w, https:\/\/archivportal.hu\/wp-content\/uploads\/2025\/10\/IMG_20251016_111128-2048x1532.jpg 2048w\" sizes=\"(max-width: 1024px) 100vw, 1024px\" \/><\/figure>\n","protected":false},"excerpt":{"rendered":"<p>Az Int\u00e9zetet di\u00e1kcsereprogram keret\u00e9ben a Kecskem\u00e9ten tart\u00f3zkod\u00f3 pontoise-i \u00c9cole Saint Martin erasmusos di\u00e1kcsoportja kereste 2025. okt\u00f3ber 16-\u00e1n. A l\u00e1togat\u00e1s szervez\u0151je, Marton J\u00f3zsef egy k\u00fcl\u00f6nleges t\u00e9m\u00e1t v\u00e1lasztott lev\u00e9lt\u00e1r-pedag\u00f3giai foglalkoz\u00e1sa t\u00e9m\u00e1j\u00e1ul. A frankof\u00f3n magyar emigr\u00e1ci\u00f3 egyik jeles k\u00e9pvisel\u0151j\u00e9nek, Szil\u00e1gyi J\u00f3zsefnek az int\u00e9zm\u00e9nyben \u0151rz\u00f6tt hagyat\u00e9k\u00e1ban a hazai kommunistaellenes mozgalmak egy izgalmas fejezet\u00e9nek iratai is megtal\u00e1lhat\u00f3ak: az \u00fcgy \u00f6ssze [&hellip;]<\/p>\n","protected":false},"author":3,"featured_media":7754,"comment_status":"closed","ping_status":"open","sticky":false,"template":"","format":"standard","meta":{"_acf_changed":false,"footnotes":"","_links_to":"","_links_to_target":""},"categories":[1],"tags":[],"class_list":["post-7751","post","type-post","status-publish","format-standard","has-post-thumbnail","hentry","category-hir"],"acf":[],"yoast_head":"<!-- This site is optimized with the Yoast SEO plugin v27.5 - https:\/\/yoast.com\/product\/yoast-seo-wordpress\/ -->\n<title>Francia di\u00e1kok a RET\u00d6RKI lev\u00e9lt\u00e1r-pedag\u00f3giai foglalkoz\u00e1s\u00e1n - Magyar Lev\u00e9lt\u00e1ri Port\u00e1l<\/title>\n<meta name=\"robots\" content=\"index, follow, max-snippet:-1, max-image-preview:large, max-video-preview:-1\" \/>\n<meta property=\"og:locale\" content=\"en_US\" \/>\n<meta property=\"og:type\" content=\"article\" \/>\n<meta property=\"og:title\" content=\"Francia di\u00e1kok a RET\u00d6RKI lev\u00e9lt\u00e1r-pedag\u00f3giai foglalkoz\u00e1s\u00e1n - Magyar Lev\u00e9lt\u00e1ri Port\u00e1l\" \/>\n<meta property=\"og:description\" content=\"Az Int\u00e9zetet di\u00e1kcsereprogram keret\u00e9ben a Kecskem\u00e9ten tart\u00f3zkod\u00f3 pontoise-i \u00c9cole Saint Martin erasmusos di\u00e1kcsoportja kereste 2025. okt\u00f3ber 16-\u00e1n. A l\u00e1togat\u00e1s szervez\u0151je, Marton J\u00f3zsef egy k\u00fcl\u00f6nleges t\u00e9m\u00e1t v\u00e1lasztott lev\u00e9lt\u00e1r-pedag\u00f3giai foglalkoz\u00e1sa t\u00e9m\u00e1j\u00e1ul. A frankof\u00f3n magyar emigr\u00e1ci\u00f3 egyik jeles k\u00e9pvisel\u0151j\u00e9nek, Szil\u00e1gyi J\u00f3zsefnek az int\u00e9zm\u00e9nyben \u0151rz\u00f6tt hagyat\u00e9k\u00e1ban a hazai kommunistaellenes mozgalmak egy izgalmas fejezet\u00e9nek iratai is megtal\u00e1lhat\u00f3ak: az \u00fcgy \u00f6ssze [&hellip;]\" \/>\n<meta property=\"og:url\" content=\"https:\/\/archivportal.hu\/index.php\/leveltar-pedagogiai-foglalkozas-a-retorki-ben\/\" \/>\n<meta property=\"og:site_name\" content=\"Magyar Lev\u00e9lt\u00e1ri Port\u00e1l\" \/>\n<meta property=\"article:publisher\" content=\"https:\/\/www.facebook.com\/magyarleveltarosok.egyesulete\" \/>\n<meta property=\"article:published_time\" content=\"2025-10-21T12:55:46+00:00\" \/>\n<meta property=\"article:modified_time\" content=\"2025-10-21T13:01:27+00:00\" \/>\n<meta property=\"og:image\" content=\"https:\/\/archivportal.hu\/wp-content\/uploads\/2025\/10\/IMG_20251016_104526-scaled.jpg\" \/>\n\t<meta property=\"og:image:width\" content=\"2560\" \/>\n\t<meta property=\"og:image:height\" content=\"1915\" \/>\n\t<meta property=\"og:image:type\" content=\"image\/jpeg\" \/>\n<meta name=\"author\" content=\"Ternovacz Balint\" \/>\n<meta name=\"twitter:card\" content=\"summary_large_image\" \/>\n<meta name=\"twitter:label1\" content=\"Written by\" \/>\n\t<meta name=\"twitter:data1\" content=\"Ternovacz Balint\" \/>\n\t<meta name=\"twitter:label2\" content=\"Est. reading time\" \/>\n\t<meta name=\"twitter:data2\" content=\"2 minutes\" \/>\n<script type=\"application\/ld+json\" class=\"yoast-schema-graph\">{\"@context\":\"https:\\\/\\\/schema.org\",\"@graph\":[{\"@type\":\"Article\",\"@id\":\"https:\\\/\\\/archivportal.hu\\\/index.php\\\/leveltar-pedagogiai-foglalkozas-a-retorki-ben\\\/#article\",\"isPartOf\":{\"@id\":\"https:\\\/\\\/archivportal.hu\\\/index.php\\\/leveltar-pedagogiai-foglalkozas-a-retorki-ben\\\/\"},\"author\":{\"name\":\"Ternovacz Balint\",\"@id\":\"https:\\\/\\\/archivportal.hu\\\/#\\\/schema\\\/person\\\/231cf595275618403082675708746a44\"},\"headline\":\"Francia di\u00e1kok a RET\u00d6RKI lev\u00e9lt\u00e1r-pedag\u00f3giai foglalkoz\u00e1s\u00e1n\",\"datePublished\":\"2025-10-21T12:55:46+00:00\",\"dateModified\":\"2025-10-21T13:01:27+00:00\",\"mainEntityOfPage\":{\"@id\":\"https:\\\/\\\/archivportal.hu\\\/index.php\\\/leveltar-pedagogiai-foglalkozas-a-retorki-ben\\\/\"},\"wordCount\":224,\"publisher\":{\"@id\":\"https:\\\/\\\/archivportal.hu\\\/#organization\"},\"image\":{\"@id\":\"https:\\\/\\\/archivportal.hu\\\/index.php\\\/leveltar-pedagogiai-foglalkozas-a-retorki-ben\\\/#primaryimage\"},\"thumbnailUrl\":\"https:\\\/\\\/archivportal.hu\\\/wp-content\\\/uploads\\\/2025\\\/10\\\/IMG_20251016_104526-scaled.jpg\",\"articleSection\":[\"H\u00edr\"],\"inLanguage\":\"en-US\"},{\"@type\":\"WebPage\",\"@id\":\"https:\\\/\\\/archivportal.hu\\\/index.php\\\/leveltar-pedagogiai-foglalkozas-a-retorki-ben\\\/\",\"url\":\"https:\\\/\\\/archivportal.hu\\\/index.php\\\/leveltar-pedagogiai-foglalkozas-a-retorki-ben\\\/\",\"name\":\"Francia di\u00e1kok a RET\u00d6RKI lev\u00e9lt\u00e1r-pedag\u00f3giai foglalkoz\u00e1s\u00e1n - Magyar Lev\u00e9lt\u00e1ri Port\u00e1l\",\"isPartOf\":{\"@id\":\"https:\\\/\\\/archivportal.hu\\\/#website\"},\"primaryImageOfPage\":{\"@id\":\"https:\\\/\\\/archivportal.hu\\\/index.php\\\/leveltar-pedagogiai-foglalkozas-a-retorki-ben\\\/#primaryimage\"},\"image\":{\"@id\":\"https:\\\/\\\/archivportal.hu\\\/index.php\\\/leveltar-pedagogiai-foglalkozas-a-retorki-ben\\\/#primaryimage\"},\"thumbnailUrl\":\"https:\\\/\\\/archivportal.hu\\\/wp-content\\\/uploads\\\/2025\\\/10\\\/IMG_20251016_104526-scaled.jpg\",\"datePublished\":\"2025-10-21T12:55:46+00:00\",\"dateModified\":\"2025-10-21T13:01:27+00:00\",\"breadcrumb\":{\"@id\":\"https:\\\/\\\/archivportal.hu\\\/index.php\\\/leveltar-pedagogiai-foglalkozas-a-retorki-ben\\\/#breadcrumb\"},\"inLanguage\":\"en-US\",\"potentialAction\":[{\"@type\":\"ReadAction\",\"target\":[\"https:\\\/\\\/archivportal.hu\\\/index.php\\\/leveltar-pedagogiai-foglalkozas-a-retorki-ben\\\/\"]}]},{\"@type\":\"ImageObject\",\"inLanguage\":\"en-US\",\"@id\":\"https:\\\/\\\/archivportal.hu\\\/index.php\\\/leveltar-pedagogiai-foglalkozas-a-retorki-ben\\\/#primaryimage\",\"url\":\"https:\\\/\\\/archivportal.hu\\\/wp-content\\\/uploads\\\/2025\\\/10\\\/IMG_20251016_104526-scaled.jpg\",\"contentUrl\":\"https:\\\/\\\/archivportal.hu\\\/wp-content\\\/uploads\\\/2025\\\/10\\\/IMG_20251016_104526-scaled.jpg\",\"width\":2560,\"height\":1915},{\"@type\":\"BreadcrumbList\",\"@id\":\"https:\\\/\\\/archivportal.hu\\\/index.php\\\/leveltar-pedagogiai-foglalkozas-a-retorki-ben\\\/#breadcrumb\",\"itemListElement\":[{\"@type\":\"ListItem\",\"position\":1,\"name\":\"Home\",\"item\":\"https:\\\/\\\/archivportal.hu\\\/\"},{\"@type\":\"ListItem\",\"position\":2,\"name\":\"Francia di\u00e1kok a RET\u00d6RKI lev\u00e9lt\u00e1r-pedag\u00f3giai foglalkoz\u00e1s\u00e1n\"}]},{\"@type\":\"WebSite\",\"@id\":\"https:\\\/\\\/archivportal.hu\\\/#website\",\"url\":\"https:\\\/\\\/archivportal.hu\\\/\",\"name\":\"Magyar Lev\u00e9lt\u00e1ri Port\u00e1l\",\"description\":\"Az online foly\u00f3irat\",\"publisher\":{\"@id\":\"https:\\\/\\\/archivportal.hu\\\/#organization\"},\"potentialAction\":[{\"@type\":\"SearchAction\",\"target\":{\"@type\":\"EntryPoint\",\"urlTemplate\":\"https:\\\/\\\/archivportal.hu\\\/?s={search_term_string}\"},\"query-input\":{\"@type\":\"PropertyValueSpecification\",\"valueRequired\":true,\"valueName\":\"search_term_string\"}}],\"inLanguage\":\"en-US\"},{\"@type\":\"Organization\",\"@id\":\"https:\\\/\\\/archivportal.hu\\\/#organization\",\"name\":\"Magyar Lev\u00e9lt\u00e1ri Port\u00e1l\",\"url\":\"https:\\\/\\\/archivportal.hu\\\/\",\"logo\":{\"@type\":\"ImageObject\",\"inLanguage\":\"en-US\",\"@id\":\"https:\\\/\\\/archivportal.hu\\\/#\\\/schema\\\/logo\\\/image\\\/\",\"url\":\"https:\\\/\\\/archivportal.hu\\\/wp-content\\\/uploads\\\/2022\\\/06\\\/MLP_logo_HU.png\",\"contentUrl\":\"https:\\\/\\\/archivportal.hu\\\/wp-content\\\/uploads\\\/2022\\\/06\\\/MLP_logo_HU.png\",\"width\":1252,\"height\":144,\"caption\":\"Magyar Lev\u00e9lt\u00e1ri Port\u00e1l\"},\"image\":{\"@id\":\"https:\\\/\\\/archivportal.hu\\\/#\\\/schema\\\/logo\\\/image\\\/\"},\"sameAs\":[\"https:\\\/\\\/www.facebook.com\\\/magyarleveltarosok.egyesulete\"]},{\"@type\":\"Person\",\"@id\":\"https:\\\/\\\/archivportal.hu\\\/#\\\/schema\\\/person\\\/231cf595275618403082675708746a44\",\"name\":\"Ternovacz Balint\",\"image\":{\"@type\":\"ImageObject\",\"inLanguage\":\"en-US\",\"@id\":\"https:\\\/\\\/secure.gravatar.com\\\/avatar\\\/50ccbec506f1beed0bc164006d91a3b8a2f082d5df5136373dbeb00162e93fdc?s=96&d=mm&r=g\",\"url\":\"https:\\\/\\\/secure.gravatar.com\\\/avatar\\\/50ccbec506f1beed0bc164006d91a3b8a2f082d5df5136373dbeb00162e93fdc?s=96&d=mm&r=g\",\"contentUrl\":\"https:\\\/\\\/secure.gravatar.com\\\/avatar\\\/50ccbec506f1beed0bc164006d91a3b8a2f082d5df5136373dbeb00162e93fdc?s=96&d=mm&r=g\",\"caption\":\"Ternovacz Balint\"},\"url\":\"https:\\\/\\\/archivportal.hu\\\/index.php\\\/author\\\/ternovacz-balint\\\/\"}]}<\/script>\n<!-- \/ Yoast SEO plugin. -->","yoast_head_json":{"title":"Francia di\u00e1kok a RET\u00d6RKI lev\u00e9lt\u00e1r-pedag\u00f3giai foglalkoz\u00e1s\u00e1n - Magyar Lev\u00e9lt\u00e1ri Port\u00e1l","robots":{"index":"index","follow":"follow","max-snippet":"max-snippet:-1","max-image-preview":"max-image-preview:large","max-video-preview":"max-video-preview:-1"},"og_locale":"en_US","og_type":"article","og_title":"Francia di\u00e1kok a RET\u00d6RKI lev\u00e9lt\u00e1r-pedag\u00f3giai foglalkoz\u00e1s\u00e1n - Magyar Lev\u00e9lt\u00e1ri Port\u00e1l","og_description":"Az Int\u00e9zetet di\u00e1kcsereprogram keret\u00e9ben a Kecskem\u00e9ten tart\u00f3zkod\u00f3 pontoise-i \u00c9cole Saint Martin erasmusos di\u00e1kcsoportja kereste 2025. okt\u00f3ber 16-\u00e1n. A l\u00e1togat\u00e1s szervez\u0151je, Marton J\u00f3zsef egy k\u00fcl\u00f6nleges t\u00e9m\u00e1t v\u00e1lasztott lev\u00e9lt\u00e1r-pedag\u00f3giai foglalkoz\u00e1sa t\u00e9m\u00e1j\u00e1ul. A frankof\u00f3n magyar emigr\u00e1ci\u00f3 egyik jeles k\u00e9pvisel\u0151j\u00e9nek, Szil\u00e1gyi J\u00f3zsefnek az int\u00e9zm\u00e9nyben \u0151rz\u00f6tt hagyat\u00e9k\u00e1ban a hazai kommunistaellenes mozgalmak egy izgalmas fejezet\u00e9nek iratai is megtal\u00e1lhat\u00f3ak: az \u00fcgy \u00f6ssze [&hellip;]","og_url":"https:\/\/archivportal.hu\/index.php\/leveltar-pedagogiai-foglalkozas-a-retorki-ben\/","og_site_name":"Magyar Lev\u00e9lt\u00e1ri Port\u00e1l","article_publisher":"https:\/\/www.facebook.com\/magyarleveltarosok.egyesulete","article_published_time":"2025-10-21T12:55:46+00:00","article_modified_time":"2025-10-21T13:01:27+00:00","og_image":[{"width":2560,"height":1915,"url":"https:\/\/archivportal.hu\/wp-content\/uploads\/2025\/10\/IMG_20251016_104526-scaled.jpg","type":"image\/jpeg"}],"author":"Ternovacz Balint","twitter_card":"summary_large_image","twitter_misc":{"Written by":"Ternovacz Balint","Est. reading time":"2 minutes"},"schema":{"@context":"https:\/\/schema.org","@graph":[{"@type":"Article","@id":"https:\/\/archivportal.hu\/index.php\/leveltar-pedagogiai-foglalkozas-a-retorki-ben\/#article","isPartOf":{"@id":"https:\/\/archivportal.hu\/index.php\/leveltar-pedagogiai-foglalkozas-a-retorki-ben\/"},"author":{"name":"Ternovacz Balint","@id":"https:\/\/archivportal.hu\/#\/schema\/person\/231cf595275618403082675708746a44"},"headline":"Francia di\u00e1kok a RET\u00d6RKI lev\u00e9lt\u00e1r-pedag\u00f3giai foglalkoz\u00e1s\u00e1n","datePublished":"2025-10-21T12:55:46+00:00","dateModified":"2025-10-21T13:01:27+00:00","mainEntityOfPage":{"@id":"https:\/\/archivportal.hu\/index.php\/leveltar-pedagogiai-foglalkozas-a-retorki-ben\/"},"wordCount":224,"publisher":{"@id":"https:\/\/archivportal.hu\/#organization"},"image":{"@id":"https:\/\/archivportal.hu\/index.php\/leveltar-pedagogiai-foglalkozas-a-retorki-ben\/#primaryimage"},"thumbnailUrl":"https:\/\/archivportal.hu\/wp-content\/uploads\/2025\/10\/IMG_20251016_104526-scaled.jpg","articleSection":["H\u00edr"],"inLanguage":"en-US"},{"@type":"WebPage","@id":"https:\/\/archivportal.hu\/index.php\/leveltar-pedagogiai-foglalkozas-a-retorki-ben\/","url":"https:\/\/archivportal.hu\/index.php\/leveltar-pedagogiai-foglalkozas-a-retorki-ben\/","name":"Francia di\u00e1kok a RET\u00d6RKI lev\u00e9lt\u00e1r-pedag\u00f3giai foglalkoz\u00e1s\u00e1n - Magyar Lev\u00e9lt\u00e1ri Port\u00e1l","isPartOf":{"@id":"https:\/\/archivportal.hu\/#website"},"primaryImageOfPage":{"@id":"https:\/\/archivportal.hu\/index.php\/leveltar-pedagogiai-foglalkozas-a-retorki-ben\/#primaryimage"},"image":{"@id":"https:\/\/archivportal.hu\/index.php\/leveltar-pedagogiai-foglalkozas-a-retorki-ben\/#primaryimage"},"thumbnailUrl":"https:\/\/archivportal.hu\/wp-content\/uploads\/2025\/10\/IMG_20251016_104526-scaled.jpg","datePublished":"2025-10-21T12:55:46+00:00","dateModified":"2025-10-21T13:01:27+00:00","breadcrumb":{"@id":"https:\/\/archivportal.hu\/index.php\/leveltar-pedagogiai-foglalkozas-a-retorki-ben\/#breadcrumb"},"inLanguage":"en-US","potentialAction":[{"@type":"ReadAction","target":["https:\/\/archivportal.hu\/index.php\/leveltar-pedagogiai-foglalkozas-a-retorki-ben\/"]}]},{"@type":"ImageObject","inLanguage":"en-US","@id":"https:\/\/archivportal.hu\/index.php\/leveltar-pedagogiai-foglalkozas-a-retorki-ben\/#primaryimage","url":"https:\/\/archivportal.hu\/wp-content\/uploads\/2025\/10\/IMG_20251016_104526-scaled.jpg","contentUrl":"https:\/\/archivportal.hu\/wp-content\/uploads\/2025\/10\/IMG_20251016_104526-scaled.jpg","width":2560,"height":1915},{"@type":"BreadcrumbList","@id":"https:\/\/archivportal.hu\/index.php\/leveltar-pedagogiai-foglalkozas-a-retorki-ben\/#breadcrumb","itemListElement":[{"@type":"ListItem","position":1,"name":"Home","item":"https:\/\/archivportal.hu\/"},{"@type":"ListItem","position":2,"name":"Francia di\u00e1kok a RET\u00d6RKI lev\u00e9lt\u00e1r-pedag\u00f3giai foglalkoz\u00e1s\u00e1n"}]},{"@type":"WebSite","@id":"https:\/\/archivportal.hu\/#website","url":"https:\/\/archivportal.hu\/","name":"Magyar Lev\u00e9lt\u00e1ri Port\u00e1l","description":"Az online foly\u00f3irat","publisher":{"@id":"https:\/\/archivportal.hu\/#organization"},"potentialAction":[{"@type":"SearchAction","target":{"@type":"EntryPoint","urlTemplate":"https:\/\/archivportal.hu\/?s={search_term_string}"},"query-input":{"@type":"PropertyValueSpecification","valueRequired":true,"valueName":"search_term_string"}}],"inLanguage":"en-US"},{"@type":"Organization","@id":"https:\/\/archivportal.hu\/#organization","name":"Magyar Lev\u00e9lt\u00e1ri Port\u00e1l","url":"https:\/\/archivportal.hu\/","logo":{"@type":"ImageObject","inLanguage":"en-US","@id":"https:\/\/archivportal.hu\/#\/schema\/logo\/image\/","url":"https:\/\/archivportal.hu\/wp-content\/uploads\/2022\/06\/MLP_logo_HU.png","contentUrl":"https:\/\/archivportal.hu\/wp-content\/uploads\/2022\/06\/MLP_logo_HU.png","width":1252,"height":144,"caption":"Magyar Lev\u00e9lt\u00e1ri Port\u00e1l"},"image":{"@id":"https:\/\/archivportal.hu\/#\/schema\/logo\/image\/"},"sameAs":["https:\/\/www.facebook.com\/magyarleveltarosok.egyesulete"]},{"@type":"Person","@id":"https:\/\/archivportal.hu\/#\/schema\/person\/231cf595275618403082675708746a44","name":"Ternovacz Balint","image":{"@type":"ImageObject","inLanguage":"en-US","@id":"https:\/\/secure.gravatar.com\/avatar\/50ccbec506f1beed0bc164006d91a3b8a2f082d5df5136373dbeb00162e93fdc?s=96&d=mm&r=g","url":"https:\/\/secure.gravatar.com\/avatar\/50ccbec506f1beed0bc164006d91a3b8a2f082d5df5136373dbeb00162e93fdc?s=96&d=mm&r=g","contentUrl":"https:\/\/secure.gravatar.com\/avatar\/50ccbec506f1beed0bc164006d91a3b8a2f082d5df5136373dbeb00162e93fdc?s=96&d=mm&r=g","caption":"Ternovacz Balint"},"url":"https:\/\/archivportal.hu\/index.php\/author\/ternovacz-balint\/"}]}},"_links":{"self":[{"href":"https:\/\/archivportal.hu\/index.php\/wp-json\/wp\/v2\/posts\/7751","targetHints":{"allow":["GET"]}}],"collection":[{"href":"https:\/\/archivportal.hu\/index.php\/wp-json\/wp\/v2\/posts"}],"about":[{"href":"https:\/\/archivportal.hu\/index.php\/wp-json\/wp\/v2\/types\/post"}],"author":[{"embeddable":true,"href":"https:\/\/archivportal.hu\/index.php\/wp-json\/wp\/v2\/users\/3"}],"replies":[{"embeddable":true,"href":"https:\/\/archivportal.hu\/index.php\/wp-json\/wp\/v2\/comments?post=7751"}],"version-history":[{"count":2,"href":"https:\/\/archivportal.hu\/index.php\/wp-json\/wp\/v2\/posts\/7751\/revisions"}],"predecessor-version":[{"id":7757,"href":"https:\/\/archivportal.hu\/index.php\/wp-json\/wp\/v2\/posts\/7751\/revisions\/7757"}],"wp:featuredmedia":[{"embeddable":true,"href":"https:\/\/archivportal.hu\/index.php\/wp-json\/wp\/v2\/media\/7754"}],"wp:attachment":[{"href":"https:\/\/archivportal.hu\/index.php\/wp-json\/wp\/v2\/media?parent=7751"}],"wp:term":[{"taxonomy":"category","embeddable":true,"href":"https:\/\/archivportal.hu\/index.php\/wp-json\/wp\/v2\/categories?post=7751"},{"taxonomy":"post_tag","embeddable":true,"href":"https:\/\/archivportal.hu\/index.php\/wp-json\/wp\/v2\/tags?post=7751"}],"curies":[{"name":"wp","href":"https:\/\/api.w.org\/{rel}","templated":true}]}}