{"id":7761,"date":"2025-11-17T10:25:42","date_gmt":"2025-11-17T10:25:42","guid":{"rendered":"https:\/\/archivportal.hu\/?p=7761"},"modified":"2025-11-17T13:11:09","modified_gmt":"2025-11-17T13:11:09","slug":"szogi-laszlo-marton-aron-emlekermet-kapott","status":"publish","type":"post","link":"https:\/\/archivportal.hu\/index.php\/szogi-laszlo-marton-aron-emlekermet-kapott\/","title":{"rendered":"Sz\u00f6gi L\u00e1szl\u00f3 M\u00e1rton \u00c1ron Eml\u00e9k\u00e9rmet kapott"},"content":{"rendered":"\n<p>A Bethlen G\u00e1bor Alap\u00edtv\u00e1ny Kurat\u00f3riuma Sz\u00f6gi L\u00e1szl\u00f3nak, az ELTE Egyetemi K\u00f6nyvt\u00e1r \u00e9s Lev\u00e9lt\u00e1r nyugalmazott f\u0151igazgat\u00f3j\u00e1nak, t\u00f6rt\u00e9n\u00e9sz-lev\u00e9lt\u00e1rosnak M\u00e1rton \u00c1ron eml\u00e9k\u00e9rmet adom\u00e1nyozott k\u00f6z\u00f6ss\u00e9gform\u00e1l\u00f3 munk\u00e1ss\u00e1ga \u00e9s kiemelked\u0151 nemzetszolg\u00e1lata elismer\u00e9sek\u00e9nt.<\/p>\n\n\n\n<p>Az Eml\u00e9k\u00e9rem \u00fcnnep\u00e9lyes \u00e1tad\u00e1s\u00e1ra Budapesten, a pesti v\u00e1rmegyeh\u00e1z\u00e1n ker\u00fclt sor. <\/p>\n\n\n\n<p>A&nbsp;M\u00e1rton \u00c1ron Eml\u00e9k\u00e9rem&nbsp;a magyarorsz\u00e1gi&nbsp;Bethlen G\u00e1bor Alap\u00edtv\u00e1ny&nbsp;\u00e1ltal 1988 \u00f3ta adom\u00e1nyozott kit\u00fcntet\u00e9s, melyet a kereszt\u00e9ny magyars\u00e1g szolg\u00e1lat\u00e1ban kiemelked\u0151 munk\u00e1t v\u00e9gz\u0151 szem\u00e9lyeknek \u00e9s int\u00e9zm\u00e9nyeknek ad \u00e1t.<\/p>\n\n\n\n<p>Forr\u00e1s: <a href=\"https:\/\/www.facebook.com\/profile.php?id=100073339100647\">Facebook<\/a><\/p>\n\n\n\n<figure class=\"wp-block-image size-large\"><img fetchpriority=\"high\" decoding=\"async\" width=\"768\" height=\"1024\" src=\"https:\/\/archivportal.hu\/wp-content\/uploads\/2025\/11\/SzogiL_1-768x1024.jpg\" alt=\"\" class=\"wp-image-7762\" srcset=\"https:\/\/archivportal.hu\/wp-content\/uploads\/2025\/11\/SzogiL_1-768x1024.jpg 768w, https:\/\/archivportal.hu\/wp-content\/uploads\/2025\/11\/SzogiL_1-225x300.jpg 225w, https:\/\/archivportal.hu\/wp-content\/uploads\/2025\/11\/SzogiL_1-1152x1536.jpg 1152w, https:\/\/archivportal.hu\/wp-content\/uploads\/2025\/11\/SzogiL_1.jpg 1200w\" sizes=\"(max-width: 768px) 100vw, 768px\" \/><\/figure>\n\n\n\n<figure class=\"wp-block-image size-large\"><img decoding=\"async\" width=\"768\" height=\"1024\" src=\"https:\/\/archivportal.hu\/wp-content\/uploads\/2025\/11\/SzogiL_3-768x1024.jpg\" alt=\"\" class=\"wp-image-7764\" srcset=\"https:\/\/archivportal.hu\/wp-content\/uploads\/2025\/11\/SzogiL_3-768x1024.jpg 768w, https:\/\/archivportal.hu\/wp-content\/uploads\/2025\/11\/SzogiL_3-225x300.jpg 225w, https:\/\/archivportal.hu\/wp-content\/uploads\/2025\/11\/SzogiL_3-1152x1536.jpg 1152w, https:\/\/archivportal.hu\/wp-content\/uploads\/2025\/11\/SzogiL_3.jpg 1200w\" sizes=\"(max-width: 768px) 100vw, 768px\" \/><\/figure>\n\n\n\n<figure class=\"wp-block-image size-large\"><img decoding=\"async\" width=\"969\" height=\"1024\" src=\"https:\/\/archivportal.hu\/wp-content\/uploads\/2025\/11\/SzogiL_2-969x1024.jpg\" alt=\"\" class=\"wp-image-7763\" srcset=\"https:\/\/archivportal.hu\/wp-content\/uploads\/2025\/11\/SzogiL_2-969x1024.jpg 969w, https:\/\/archivportal.hu\/wp-content\/uploads\/2025\/11\/SzogiL_2-284x300.jpg 284w, https:\/\/archivportal.hu\/wp-content\/uploads\/2025\/11\/SzogiL_2-768x812.jpg 768w, https:\/\/archivportal.hu\/wp-content\/uploads\/2025\/11\/SzogiL_2-1453x1536.jpg 1453w, https:\/\/archivportal.hu\/wp-content\/uploads\/2025\/11\/SzogiL_2.jpg 1848w\" sizes=\"(max-width: 969px) 100vw, 969px\" \/><\/figure>\n","protected":false},"excerpt":{"rendered":"<p>A Bethlen G\u00e1bor Alap\u00edtv\u00e1ny Kurat\u00f3riuma Sz\u00f6gi L\u00e1szl\u00f3nak, az ELTE Egyetemi K\u00f6nyvt\u00e1r \u00e9s Lev\u00e9lt\u00e1r nyugalmazott f\u0151igazgat\u00f3j\u00e1nak, t\u00f6rt\u00e9n\u00e9sz-lev\u00e9lt\u00e1rosnak M\u00e1rton \u00c1ron eml\u00e9k\u00e9rmet adom\u00e1nyozott k\u00f6z\u00f6ss\u00e9gform\u00e1l\u00f3 munk\u00e1ss\u00e1ga \u00e9s kiemelked\u0151 nemzetszolg\u00e1lata elismer\u00e9sek\u00e9nt. Az Eml\u00e9k\u00e9rem \u00fcnnep\u00e9lyes \u00e1tad\u00e1s\u00e1ra Budapesten, a pesti v\u00e1rmegyeh\u00e1z\u00e1n ker\u00fclt sor. A&nbsp;M\u00e1rton \u00c1ron Eml\u00e9k\u00e9rem&nbsp;a magyarorsz\u00e1gi&nbsp;Bethlen G\u00e1bor Alap\u00edtv\u00e1ny&nbsp;\u00e1ltal 1988 \u00f3ta adom\u00e1nyozott kit\u00fcntet\u00e9s, melyet a kereszt\u00e9ny magyars\u00e1g szolg\u00e1lat\u00e1ban kiemelked\u0151 munk\u00e1t v\u00e9gz\u0151 szem\u00e9lyeknek [&hellip;]<\/p>\n","protected":false},"author":3,"featured_media":7762,"comment_status":"closed","ping_status":"open","sticky":false,"template":"","format":"standard","meta":{"_acf_changed":false,"footnotes":"","_links_to":"","_links_to_target":""},"categories":[1],"tags":[],"class_list":["post-7761","post","type-post","status-publish","format-standard","has-post-thumbnail","hentry","category-hir"],"acf":[],"yoast_head":"<!-- This site is optimized with the Yoast SEO plugin v27.5 - https:\/\/yoast.com\/product\/yoast-seo-wordpress\/ -->\n<title>Sz\u00f6gi L\u00e1szl\u00f3 M\u00e1rton \u00c1ron Eml\u00e9k\u00e9rmet kapott - Magyar Lev\u00e9lt\u00e1ri Port\u00e1l<\/title>\n<meta name=\"robots\" content=\"index, follow, max-snippet:-1, max-image-preview:large, max-video-preview:-1\" \/>\n<meta property=\"og:locale\" content=\"en_US\" \/>\n<meta property=\"og:type\" content=\"article\" \/>\n<meta property=\"og:title\" content=\"Sz\u00f6gi L\u00e1szl\u00f3 M\u00e1rton \u00c1ron Eml\u00e9k\u00e9rmet kapott - Magyar Lev\u00e9lt\u00e1ri Port\u00e1l\" \/>\n<meta property=\"og:description\" content=\"A Bethlen G\u00e1bor Alap\u00edtv\u00e1ny Kurat\u00f3riuma Sz\u00f6gi L\u00e1szl\u00f3nak, az ELTE Egyetemi K\u00f6nyvt\u00e1r \u00e9s Lev\u00e9lt\u00e1r nyugalmazott f\u0151igazgat\u00f3j\u00e1nak, t\u00f6rt\u00e9n\u00e9sz-lev\u00e9lt\u00e1rosnak M\u00e1rton \u00c1ron eml\u00e9k\u00e9rmet adom\u00e1nyozott k\u00f6z\u00f6ss\u00e9gform\u00e1l\u00f3 munk\u00e1ss\u00e1ga \u00e9s kiemelked\u0151 nemzetszolg\u00e1lata elismer\u00e9sek\u00e9nt. Az Eml\u00e9k\u00e9rem \u00fcnnep\u00e9lyes \u00e1tad\u00e1s\u00e1ra Budapesten, a pesti v\u00e1rmegyeh\u00e1z\u00e1n ker\u00fclt sor. A&nbsp;M\u00e1rton \u00c1ron Eml\u00e9k\u00e9rem&nbsp;a magyarorsz\u00e1gi&nbsp;Bethlen G\u00e1bor Alap\u00edtv\u00e1ny&nbsp;\u00e1ltal 1988 \u00f3ta adom\u00e1nyozott kit\u00fcntet\u00e9s, melyet a kereszt\u00e9ny magyars\u00e1g szolg\u00e1lat\u00e1ban kiemelked\u0151 munk\u00e1t v\u00e9gz\u0151 szem\u00e9lyeknek [&hellip;]\" \/>\n<meta property=\"og:url\" content=\"https:\/\/archivportal.hu\/index.php\/szogi-laszlo-marton-aron-emlekermet-kapott\/\" \/>\n<meta property=\"og:site_name\" content=\"Magyar Lev\u00e9lt\u00e1ri Port\u00e1l\" \/>\n<meta property=\"article:publisher\" content=\"https:\/\/www.facebook.com\/magyarleveltarosok.egyesulete\" \/>\n<meta property=\"article:published_time\" content=\"2025-11-17T10:25:42+00:00\" \/>\n<meta property=\"article:modified_time\" content=\"2025-11-17T13:11:09+00:00\" \/>\n<meta property=\"og:image\" content=\"https:\/\/archivportal.hu\/wp-content\/uploads\/2025\/11\/SzogiL_1.jpg\" \/>\n\t<meta property=\"og:image:width\" content=\"1200\" \/>\n\t<meta property=\"og:image:height\" content=\"1600\" \/>\n\t<meta property=\"og:image:type\" content=\"image\/jpeg\" \/>\n<meta name=\"author\" content=\"Ternovacz Balint\" \/>\n<meta name=\"twitter:card\" content=\"summary_large_image\" \/>\n<meta name=\"twitter:label1\" content=\"Written by\" \/>\n\t<meta name=\"twitter:data1\" content=\"Ternovacz Balint\" \/>\n\t<meta name=\"twitter:label2\" content=\"Est. reading time\" \/>\n\t<meta name=\"twitter:data2\" content=\"2 minutes\" \/>\n<script type=\"application\/ld+json\" class=\"yoast-schema-graph\">{\"@context\":\"https:\\\/\\\/schema.org\",\"@graph\":[{\"@type\":\"Article\",\"@id\":\"https:\\\/\\\/archivportal.hu\\\/index.php\\\/szogi-laszlo-marton-aron-emlekermet-kapott\\\/#article\",\"isPartOf\":{\"@id\":\"https:\\\/\\\/archivportal.hu\\\/index.php\\\/szogi-laszlo-marton-aron-emlekermet-kapott\\\/\"},\"author\":{\"name\":\"Ternovacz Balint\",\"@id\":\"https:\\\/\\\/archivportal.hu\\\/#\\\/schema\\\/person\\\/231cf595275618403082675708746a44\"},\"headline\":\"Sz\u00f6gi L\u00e1szl\u00f3 M\u00e1rton \u00c1ron Eml\u00e9k\u00e9rmet kapott\",\"datePublished\":\"2025-11-17T10:25:42+00:00\",\"dateModified\":\"2025-11-17T13:11:09+00:00\",\"mainEntityOfPage\":{\"@id\":\"https:\\\/\\\/archivportal.hu\\\/index.php\\\/szogi-laszlo-marton-aron-emlekermet-kapott\\\/\"},\"wordCount\":140,\"publisher\":{\"@id\":\"https:\\\/\\\/archivportal.hu\\\/#organization\"},\"image\":{\"@id\":\"https:\\\/\\\/archivportal.hu\\\/index.php\\\/szogi-laszlo-marton-aron-emlekermet-kapott\\\/#primaryimage\"},\"thumbnailUrl\":\"https:\\\/\\\/archivportal.hu\\\/wp-content\\\/uploads\\\/2025\\\/11\\\/SzogiL_1.jpg\",\"articleSection\":[\"H\u00edr\"],\"inLanguage\":\"en-US\"},{\"@type\":\"WebPage\",\"@id\":\"https:\\\/\\\/archivportal.hu\\\/index.php\\\/szogi-laszlo-marton-aron-emlekermet-kapott\\\/\",\"url\":\"https:\\\/\\\/archivportal.hu\\\/index.php\\\/szogi-laszlo-marton-aron-emlekermet-kapott\\\/\",\"name\":\"Sz\u00f6gi L\u00e1szl\u00f3 M\u00e1rton \u00c1ron Eml\u00e9k\u00e9rmet kapott - Magyar Lev\u00e9lt\u00e1ri Port\u00e1l\",\"isPartOf\":{\"@id\":\"https:\\\/\\\/archivportal.hu\\\/#website\"},\"primaryImageOfPage\":{\"@id\":\"https:\\\/\\\/archivportal.hu\\\/index.php\\\/szogi-laszlo-marton-aron-emlekermet-kapott\\\/#primaryimage\"},\"image\":{\"@id\":\"https:\\\/\\\/archivportal.hu\\\/index.php\\\/szogi-laszlo-marton-aron-emlekermet-kapott\\\/#primaryimage\"},\"thumbnailUrl\":\"https:\\\/\\\/archivportal.hu\\\/wp-content\\\/uploads\\\/2025\\\/11\\\/SzogiL_1.jpg\",\"datePublished\":\"2025-11-17T10:25:42+00:00\",\"dateModified\":\"2025-11-17T13:11:09+00:00\",\"breadcrumb\":{\"@id\":\"https:\\\/\\\/archivportal.hu\\\/index.php\\\/szogi-laszlo-marton-aron-emlekermet-kapott\\\/#breadcrumb\"},\"inLanguage\":\"en-US\",\"potentialAction\":[{\"@type\":\"ReadAction\",\"target\":[\"https:\\\/\\\/archivportal.hu\\\/index.php\\\/szogi-laszlo-marton-aron-emlekermet-kapott\\\/\"]}]},{\"@type\":\"ImageObject\",\"inLanguage\":\"en-US\",\"@id\":\"https:\\\/\\\/archivportal.hu\\\/index.php\\\/szogi-laszlo-marton-aron-emlekermet-kapott\\\/#primaryimage\",\"url\":\"https:\\\/\\\/archivportal.hu\\\/wp-content\\\/uploads\\\/2025\\\/11\\\/SzogiL_1.jpg\",\"contentUrl\":\"https:\\\/\\\/archivportal.hu\\\/wp-content\\\/uploads\\\/2025\\\/11\\\/SzogiL_1.jpg\",\"width\":1200,\"height\":1600},{\"@type\":\"BreadcrumbList\",\"@id\":\"https:\\\/\\\/archivportal.hu\\\/index.php\\\/szogi-laszlo-marton-aron-emlekermet-kapott\\\/#breadcrumb\",\"itemListElement\":[{\"@type\":\"ListItem\",\"position\":1,\"name\":\"Home\",\"item\":\"https:\\\/\\\/archivportal.hu\\\/\"},{\"@type\":\"ListItem\",\"position\":2,\"name\":\"Sz\u00f6gi L\u00e1szl\u00f3 M\u00e1rton \u00c1ron Eml\u00e9k\u00e9rmet kapott\"}]},{\"@type\":\"WebSite\",\"@id\":\"https:\\\/\\\/archivportal.hu\\\/#website\",\"url\":\"https:\\\/\\\/archivportal.hu\\\/\",\"name\":\"Magyar Lev\u00e9lt\u00e1ri Port\u00e1l\",\"description\":\"Az online foly\u00f3irat\",\"publisher\":{\"@id\":\"https:\\\/\\\/archivportal.hu\\\/#organization\"},\"potentialAction\":[{\"@type\":\"SearchAction\",\"target\":{\"@type\":\"EntryPoint\",\"urlTemplate\":\"https:\\\/\\\/archivportal.hu\\\/?s={search_term_string}\"},\"query-input\":{\"@type\":\"PropertyValueSpecification\",\"valueRequired\":true,\"valueName\":\"search_term_string\"}}],\"inLanguage\":\"en-US\"},{\"@type\":\"Organization\",\"@id\":\"https:\\\/\\\/archivportal.hu\\\/#organization\",\"name\":\"Magyar Lev\u00e9lt\u00e1ri Port\u00e1l\",\"url\":\"https:\\\/\\\/archivportal.hu\\\/\",\"logo\":{\"@type\":\"ImageObject\",\"inLanguage\":\"en-US\",\"@id\":\"https:\\\/\\\/archivportal.hu\\\/#\\\/schema\\\/logo\\\/image\\\/\",\"url\":\"https:\\\/\\\/archivportal.hu\\\/wp-content\\\/uploads\\\/2022\\\/06\\\/MLP_logo_HU.png\",\"contentUrl\":\"https:\\\/\\\/archivportal.hu\\\/wp-content\\\/uploads\\\/2022\\\/06\\\/MLP_logo_HU.png\",\"width\":1252,\"height\":144,\"caption\":\"Magyar Lev\u00e9lt\u00e1ri Port\u00e1l\"},\"image\":{\"@id\":\"https:\\\/\\\/archivportal.hu\\\/#\\\/schema\\\/logo\\\/image\\\/\"},\"sameAs\":[\"https:\\\/\\\/www.facebook.com\\\/magyarleveltarosok.egyesulete\"]},{\"@type\":\"Person\",\"@id\":\"https:\\\/\\\/archivportal.hu\\\/#\\\/schema\\\/person\\\/231cf595275618403082675708746a44\",\"name\":\"Ternovacz Balint\",\"image\":{\"@type\":\"ImageObject\",\"inLanguage\":\"en-US\",\"@id\":\"https:\\\/\\\/secure.gravatar.com\\\/avatar\\\/50ccbec506f1beed0bc164006d91a3b8a2f082d5df5136373dbeb00162e93fdc?s=96&d=mm&r=g\",\"url\":\"https:\\\/\\\/secure.gravatar.com\\\/avatar\\\/50ccbec506f1beed0bc164006d91a3b8a2f082d5df5136373dbeb00162e93fdc?s=96&d=mm&r=g\",\"contentUrl\":\"https:\\\/\\\/secure.gravatar.com\\\/avatar\\\/50ccbec506f1beed0bc164006d91a3b8a2f082d5df5136373dbeb00162e93fdc?s=96&d=mm&r=g\",\"caption\":\"Ternovacz Balint\"},\"url\":\"https:\\\/\\\/archivportal.hu\\\/index.php\\\/author\\\/ternovacz-balint\\\/\"}]}<\/script>\n<!-- \/ Yoast SEO plugin. -->","yoast_head_json":{"title":"Sz\u00f6gi L\u00e1szl\u00f3 M\u00e1rton \u00c1ron Eml\u00e9k\u00e9rmet kapott - Magyar Lev\u00e9lt\u00e1ri Port\u00e1l","robots":{"index":"index","follow":"follow","max-snippet":"max-snippet:-1","max-image-preview":"max-image-preview:large","max-video-preview":"max-video-preview:-1"},"og_locale":"en_US","og_type":"article","og_title":"Sz\u00f6gi L\u00e1szl\u00f3 M\u00e1rton \u00c1ron Eml\u00e9k\u00e9rmet kapott - Magyar Lev\u00e9lt\u00e1ri Port\u00e1l","og_description":"A Bethlen G\u00e1bor Alap\u00edtv\u00e1ny Kurat\u00f3riuma Sz\u00f6gi L\u00e1szl\u00f3nak, az ELTE Egyetemi K\u00f6nyvt\u00e1r \u00e9s Lev\u00e9lt\u00e1r nyugalmazott f\u0151igazgat\u00f3j\u00e1nak, t\u00f6rt\u00e9n\u00e9sz-lev\u00e9lt\u00e1rosnak M\u00e1rton \u00c1ron eml\u00e9k\u00e9rmet adom\u00e1nyozott k\u00f6z\u00f6ss\u00e9gform\u00e1l\u00f3 munk\u00e1ss\u00e1ga \u00e9s kiemelked\u0151 nemzetszolg\u00e1lata elismer\u00e9sek\u00e9nt. Az Eml\u00e9k\u00e9rem \u00fcnnep\u00e9lyes \u00e1tad\u00e1s\u00e1ra Budapesten, a pesti v\u00e1rmegyeh\u00e1z\u00e1n ker\u00fclt sor. A&nbsp;M\u00e1rton \u00c1ron Eml\u00e9k\u00e9rem&nbsp;a magyarorsz\u00e1gi&nbsp;Bethlen G\u00e1bor Alap\u00edtv\u00e1ny&nbsp;\u00e1ltal 1988 \u00f3ta adom\u00e1nyozott kit\u00fcntet\u00e9s, melyet a kereszt\u00e9ny magyars\u00e1g szolg\u00e1lat\u00e1ban kiemelked\u0151 munk\u00e1t v\u00e9gz\u0151 szem\u00e9lyeknek [&hellip;]","og_url":"https:\/\/archivportal.hu\/index.php\/szogi-laszlo-marton-aron-emlekermet-kapott\/","og_site_name":"Magyar Lev\u00e9lt\u00e1ri Port\u00e1l","article_publisher":"https:\/\/www.facebook.com\/magyarleveltarosok.egyesulete","article_published_time":"2025-11-17T10:25:42+00:00","article_modified_time":"2025-11-17T13:11:09+00:00","og_image":[{"width":1200,"height":1600,"url":"https:\/\/archivportal.hu\/wp-content\/uploads\/2025\/11\/SzogiL_1.jpg","type":"image\/jpeg"}],"author":"Ternovacz Balint","twitter_card":"summary_large_image","twitter_misc":{"Written by":"Ternovacz Balint","Est. reading time":"2 minutes"},"schema":{"@context":"https:\/\/schema.org","@graph":[{"@type":"Article","@id":"https:\/\/archivportal.hu\/index.php\/szogi-laszlo-marton-aron-emlekermet-kapott\/#article","isPartOf":{"@id":"https:\/\/archivportal.hu\/index.php\/szogi-laszlo-marton-aron-emlekermet-kapott\/"},"author":{"name":"Ternovacz Balint","@id":"https:\/\/archivportal.hu\/#\/schema\/person\/231cf595275618403082675708746a44"},"headline":"Sz\u00f6gi L\u00e1szl\u00f3 M\u00e1rton \u00c1ron Eml\u00e9k\u00e9rmet kapott","datePublished":"2025-11-17T10:25:42+00:00","dateModified":"2025-11-17T13:11:09+00:00","mainEntityOfPage":{"@id":"https:\/\/archivportal.hu\/index.php\/szogi-laszlo-marton-aron-emlekermet-kapott\/"},"wordCount":140,"publisher":{"@id":"https:\/\/archivportal.hu\/#organization"},"image":{"@id":"https:\/\/archivportal.hu\/index.php\/szogi-laszlo-marton-aron-emlekermet-kapott\/#primaryimage"},"thumbnailUrl":"https:\/\/archivportal.hu\/wp-content\/uploads\/2025\/11\/SzogiL_1.jpg","articleSection":["H\u00edr"],"inLanguage":"en-US"},{"@type":"WebPage","@id":"https:\/\/archivportal.hu\/index.php\/szogi-laszlo-marton-aron-emlekermet-kapott\/","url":"https:\/\/archivportal.hu\/index.php\/szogi-laszlo-marton-aron-emlekermet-kapott\/","name":"Sz\u00f6gi L\u00e1szl\u00f3 M\u00e1rton \u00c1ron Eml\u00e9k\u00e9rmet kapott - Magyar Lev\u00e9lt\u00e1ri Port\u00e1l","isPartOf":{"@id":"https:\/\/archivportal.hu\/#website"},"primaryImageOfPage":{"@id":"https:\/\/archivportal.hu\/index.php\/szogi-laszlo-marton-aron-emlekermet-kapott\/#primaryimage"},"image":{"@id":"https:\/\/archivportal.hu\/index.php\/szogi-laszlo-marton-aron-emlekermet-kapott\/#primaryimage"},"thumbnailUrl":"https:\/\/archivportal.hu\/wp-content\/uploads\/2025\/11\/SzogiL_1.jpg","datePublished":"2025-11-17T10:25:42+00:00","dateModified":"2025-11-17T13:11:09+00:00","breadcrumb":{"@id":"https:\/\/archivportal.hu\/index.php\/szogi-laszlo-marton-aron-emlekermet-kapott\/#breadcrumb"},"inLanguage":"en-US","potentialAction":[{"@type":"ReadAction","target":["https:\/\/archivportal.hu\/index.php\/szogi-laszlo-marton-aron-emlekermet-kapott\/"]}]},{"@type":"ImageObject","inLanguage":"en-US","@id":"https:\/\/archivportal.hu\/index.php\/szogi-laszlo-marton-aron-emlekermet-kapott\/#primaryimage","url":"https:\/\/archivportal.hu\/wp-content\/uploads\/2025\/11\/SzogiL_1.jpg","contentUrl":"https:\/\/archivportal.hu\/wp-content\/uploads\/2025\/11\/SzogiL_1.jpg","width":1200,"height":1600},{"@type":"BreadcrumbList","@id":"https:\/\/archivportal.hu\/index.php\/szogi-laszlo-marton-aron-emlekermet-kapott\/#breadcrumb","itemListElement":[{"@type":"ListItem","position":1,"name":"Home","item":"https:\/\/archivportal.hu\/"},{"@type":"ListItem","position":2,"name":"Sz\u00f6gi L\u00e1szl\u00f3 M\u00e1rton \u00c1ron Eml\u00e9k\u00e9rmet kapott"}]},{"@type":"WebSite","@id":"https:\/\/archivportal.hu\/#website","url":"https:\/\/archivportal.hu\/","name":"Magyar Lev\u00e9lt\u00e1ri Port\u00e1l","description":"Az online foly\u00f3irat","publisher":{"@id":"https:\/\/archivportal.hu\/#organization"},"potentialAction":[{"@type":"SearchAction","target":{"@type":"EntryPoint","urlTemplate":"https:\/\/archivportal.hu\/?s={search_term_string}"},"query-input":{"@type":"PropertyValueSpecification","valueRequired":true,"valueName":"search_term_string"}}],"inLanguage":"en-US"},{"@type":"Organization","@id":"https:\/\/archivportal.hu\/#organization","name":"Magyar Lev\u00e9lt\u00e1ri Port\u00e1l","url":"https:\/\/archivportal.hu\/","logo":{"@type":"ImageObject","inLanguage":"en-US","@id":"https:\/\/archivportal.hu\/#\/schema\/logo\/image\/","url":"https:\/\/archivportal.hu\/wp-content\/uploads\/2022\/06\/MLP_logo_HU.png","contentUrl":"https:\/\/archivportal.hu\/wp-content\/uploads\/2022\/06\/MLP_logo_HU.png","width":1252,"height":144,"caption":"Magyar Lev\u00e9lt\u00e1ri Port\u00e1l"},"image":{"@id":"https:\/\/archivportal.hu\/#\/schema\/logo\/image\/"},"sameAs":["https:\/\/www.facebook.com\/magyarleveltarosok.egyesulete"]},{"@type":"Person","@id":"https:\/\/archivportal.hu\/#\/schema\/person\/231cf595275618403082675708746a44","name":"Ternovacz Balint","image":{"@type":"ImageObject","inLanguage":"en-US","@id":"https:\/\/secure.gravatar.com\/avatar\/50ccbec506f1beed0bc164006d91a3b8a2f082d5df5136373dbeb00162e93fdc?s=96&d=mm&r=g","url":"https:\/\/secure.gravatar.com\/avatar\/50ccbec506f1beed0bc164006d91a3b8a2f082d5df5136373dbeb00162e93fdc?s=96&d=mm&r=g","contentUrl":"https:\/\/secure.gravatar.com\/avatar\/50ccbec506f1beed0bc164006d91a3b8a2f082d5df5136373dbeb00162e93fdc?s=96&d=mm&r=g","caption":"Ternovacz Balint"},"url":"https:\/\/archivportal.hu\/index.php\/author\/ternovacz-balint\/"}]}},"_links":{"self":[{"href":"https:\/\/archivportal.hu\/index.php\/wp-json\/wp\/v2\/posts\/7761","targetHints":{"allow":["GET"]}}],"collection":[{"href":"https:\/\/archivportal.hu\/index.php\/wp-json\/wp\/v2\/posts"}],"about":[{"href":"https:\/\/archivportal.hu\/index.php\/wp-json\/wp\/v2\/types\/post"}],"author":[{"embeddable":true,"href":"https:\/\/archivportal.hu\/index.php\/wp-json\/wp\/v2\/users\/3"}],"replies":[{"embeddable":true,"href":"https:\/\/archivportal.hu\/index.php\/wp-json\/wp\/v2\/comments?post=7761"}],"version-history":[{"count":7,"href":"https:\/\/archivportal.hu\/index.php\/wp-json\/wp\/v2\/posts\/7761\/revisions"}],"predecessor-version":[{"id":7772,"href":"https:\/\/archivportal.hu\/index.php\/wp-json\/wp\/v2\/posts\/7761\/revisions\/7772"}],"wp:featuredmedia":[{"embeddable":true,"href":"https:\/\/archivportal.hu\/index.php\/wp-json\/wp\/v2\/media\/7762"}],"wp:attachment":[{"href":"https:\/\/archivportal.hu\/index.php\/wp-json\/wp\/v2\/media?parent=7761"}],"wp:term":[{"taxonomy":"category","embeddable":true,"href":"https:\/\/archivportal.hu\/index.php\/wp-json\/wp\/v2\/categories?post=7761"},{"taxonomy":"post_tag","embeddable":true,"href":"https:\/\/archivportal.hu\/index.php\/wp-json\/wp\/v2\/tags?post=7761"}],"curies":[{"name":"wp","href":"https:\/\/api.w.org\/{rel}","templated":true}]}}