{"id":7868,"date":"2025-12-16T10:26:29","date_gmt":"2025-12-16T10:26:29","guid":{"rendered":"https:\/\/archivportal.hu\/?p=7868"},"modified":"2025-12-16T10:27:52","modified_gmt":"2025-12-16T10:27:52","slug":"a-felsooktatasi-leveltari-szekcio-munkaja-a-melte-mflsz-eme-kozos-egri-vandorgyulesen","status":"publish","type":"post","link":"https:\/\/archivportal.hu\/index.php\/a-felsooktatasi-leveltari-szekcio-munkaja-a-melte-mflsz-eme-kozos-egri-vandorgyulesen\/","title":{"rendered":"A fels\u0151oktat\u00e1si lev\u00e9lt\u00e1ri szekci\u00f3 munk\u00e1ja a MELTE-MFLSZ-EME k\u00f6z\u00f6s egri v\u00e1ndorgy\u0171l\u00e9s\u00e9n"},"content":{"rendered":"<p>A Magyar Fels\u0151oktat\u00e1si Lev\u00e9lt\u00e1ri Sz\u00f6vets\u00e9g (MFLSZ) hagyom\u00e1nyos v\u00e1ndorgy\u0171l\u00e9s\u00e9re Egerben ker\u00fclt sor 2025. j\u00fanius 30. \u2013 j\u00falius 2. k\u00f6z\u00f6tt. Nagy \u00f6r\u00f6m\u00fcnkre szolg\u00e1lt, hogy a Magyar Egyh\u00e1zi Lev\u00e9lt\u00e1rosok Egyes\u00fclete (MELTE), az Egyh\u00e1zi Muzeol\u00f3gusok Egyes\u00fclet\u00e9vel (EME) kieg\u00e9sz\u00fclve, els\u0151 alkalommal tarthattunk k\u00f6z\u00f6s v\u00e1ndorgy\u0171l\u00e9st az \u00c9rseki Papnevel\u0151 Int\u00e9zetben.<\/p>\n<p><img fetchpriority=\"high\" decoding=\"async\" class=\"aligncenter wp-image-7870\" src=\"https:\/\/archivportal.hu\/wp-content\/uploads\/2025\/12\/MFLSZ2025-01-226x300.jpg\" alt=\"\" width=\"376\" height=\"500\" srcset=\"https:\/\/archivportal.hu\/wp-content\/uploads\/2025\/12\/MFLSZ2025-01-226x300.jpg 226w, https:\/\/archivportal.hu\/wp-content\/uploads\/2025\/12\/MFLSZ2025-01-768x1021.jpg 768w, https:\/\/archivportal.hu\/wp-content\/uploads\/2025\/12\/MFLSZ2025-01.jpg 770w\" sizes=\"(max-width: 376px) 100vw, 376px\" \/><\/p>\n<p>Az MFLSZ programja j\u00fanius 30-\u00e1n a lev\u00e9lt\u00e1rvezet\u0151k kerekasztal\u00e1val kezd\u0151d\u00f6tt, amelynek sor\u00e1n a lev\u00e9lt\u00e1rvezet\u0151k besz\u00e1moltak az elm\u00falt egy \u00e9v esem\u00e9nyeir\u0151l \u00e9s eredm\u00e9nyeir\u0151l. Eredm\u00e9nyk\u00e9nt eml\u00edthet\u0151, hogy az E\u00f6tv\u00f6s Lor\u00e1nd Tudom\u00e1nyegyetem (ELTE) \u00e9s a Semmelweis Egyetem lev\u00e9lt\u00e1ra befejezte a vezet\u0151test\u00fcleti jegyz\u0151k\u00f6nyvek digitaliz\u00e1l\u00e1s\u00e1t, a P\u00e9csi Tudom\u00e1nyegyetem Lev\u00e9lt\u00e1ra <a href=\"https:\/\/www.youtube.com\/watch?v=gTbaDS8ou8Q&amp;list=PL9sQ2YxrHuO3uvYYGxZsoZyj2tP6OOsZg\" target=\"_blank\" rel=\"noopener\">Lev\u00e9lt\u00e1ri t\u00f6rt\u00e9netek<\/a> c\u00edmmel n\u00e9pszer\u0171s\u00edt\u0151 vide\u00f3sorozatot k\u00e9sz\u00edtett. Fontos esem\u00e9ny volt az ELTE Lev\u00e9lt\u00e1r\u00e1nak k\u00f6lt\u00f6z\u00e9se, amely a Magl\u00f3di \u00fatr\u00f3l a ELTE Egyetemi K\u00f6nyvt\u00e1r \u00e9s Lev\u00e9lt\u00e1r k\u00f6zponti \u00e9p\u00fclet\u00e9be k\u00f6lt\u00f6z\u00f6tt, az iratanyag jelent\u0151s r\u00e9sze pedig k\u00fcls\u0151 rakt\u00e1rba ker\u00fclt. Az \u00c9v fels\u0151oktat\u00e1si lev\u00e9lt\u00e1ra d\u00edjat a Semmelweis Egyetem K\u00f6zponti Lev\u00e9lt\u00e1ra kapta. T\u00e1j\u00e9koztat\u00e1s hangzott el a Trianon \u00e9s a magyar fels\u0151oktat\u00e1s konferencia-sorozat tervezett konferenci\u00e1j\u00e1r\u00f3l, melynek t\u00e9m\u00e1ja Klebelsberg Kuno \u00e9s a magyar fels\u0151oktat\u00e1s lesz, valamint a Debreceni Egyetemen lev\u00e9lt\u00e1r alap\u00edt\u00e1s\u00e1nak el\u0151seg\u00edt\u00e9s\u00e9r\u0151l is.<\/p>\n<p>A program \u00f6kumenikus istentisztelettel folytat\u00f3dott, majd gy\u0171jtem\u00e9nyl\u00e1togat\u00e1sra ker\u00fclt sor az \u00c9rseki Palota L\u00e1togat\u00f3k\u00f6zpontban, a F\u0151egyh\u00e1zmegyei Lev\u00e9lt\u00e1rban \u00e9s a F\u0151egyh\u00e1zmegyei K\u00f6nyvt\u00e1rban.<br \/>\nJ\u00falius 1-j\u00e9n, a m\u00e1sodik napon, a konferencia a lev\u00e9lt\u00e1ros \u00e9s muzeol\u00f3gus szekci\u00f3kban folytat\u00f3dott. A lev\u00e9lt\u00e1ri el\u0151ad\u00e1ssorozat egyetem- \u00e9s egyh\u00e1zt\u00f6rt\u00e9neti kutat\u00e1sokat mutatott be: Kalm\u00e1r Mikl\u00f3s (Budapesti Corvinus Egyetem Lev\u00e9lt\u00e1ra) a BCE F\u0151\u00e9p\u00fclet\u00e9nek, azaz a F\u0151v\u00e1mpalot\u00e1nak a t\u00f6rt\u00e9net\u00e9t ismertette. Kissn\u00e9 Havas Gy\u00f6ngyv\u00e9r (Magyar K\u00e9pz\u0151m\u0171v\u00e9szeti Egyetem lev\u00e9lt\u00e1ra) a fels\u0151fok\u00fa k\u00e9pz\u0151m\u0171v\u00e9szeti oktat\u00e1s Andr\u00e1ssy \u00fati palot\u00e1j\u00e1nak \u00e9p\u00edt\u00e9st\u00f6rt\u00e9net\u00e9r\u0151l tartott el\u0151ad\u00e1st. Nagy Roland (Soproni Egyetem K\u00f6zponti Lev\u00e9lt\u00e1r) a Sopronban v\u00e9gzett b\u00e1nyam\u00e9rn\u00f6k\u00f6k oroszl\u00e1nyi sors\u00e1r\u00f3l sz\u00f3l\u00f3 prozopogr\u00e1fiai kutat\u00e1st ismertette.<\/p>\n<p>Az egyetemi \u00e9s egyh\u00e1zi m\u00fazeumok szekci\u00f3ban levezet\u0151 eln\u00f6k\u00f6k T\u00f3th Krisztina (ELTE Lev\u00e9lt\u00e1r vezet\u0151je) \u00e9s Szab\u00f3 Ir\u00e9n (a ny\u00edregyh\u00e1zi G\u00f6r\u00f6gkatolikus M\u00fazeum igazgat\u00f3ja, az Egyh\u00e1zi Muzeol\u00f3gusok Egyes\u00fclete eln\u00f6ke) voltak. A szekci\u00f3ban Dezs\u0151 Krisztina a P\u00e9csi Tudom\u00e1nyegyetem egyetemt\u00f6rt\u00e9neti muze\u00e1lis gy\u0171jtem\u00e9ny\u00e9nek kialakul\u00e1s\u00e1t \u00e9s m\u0171k\u00f6d\u00e9s\u00e9t ismertette, m\u00edg T\u00f3th Krisztina az ELTE Lev\u00e9lt\u00e1r\u00e1hoz kapcsol\u00f3d\u00f3 Egyetemt\u00f6rt\u00e9neti Gy\u0171jtem\u00e9nyt mutatt\u00e1k be, kiemelve a lev\u00e9lt\u00e1ri \u00e9s m\u00fazeumi funkci\u00f3k egy\u00fcttm\u0171k\u00f6d\u00e9s\u00e9nek sz\u00fcks\u00e9gess\u00e9g\u00e9t az egyetemi \u00f6r\u00f6ks\u00e9g meg\u0151rz\u00e9s\u00e9ben.<\/p>\n<p><img decoding=\"async\" class=\"aligncenter wp-image-7869\" src=\"https:\/\/archivportal.hu\/wp-content\/uploads\/2025\/12\/MFLSZ2025-02-300x200.jpg\" alt=\"\" width=\"500\" height=\"333\" srcset=\"https:\/\/archivportal.hu\/wp-content\/uploads\/2025\/12\/MFLSZ2025-02-300x200.jpg 300w, https:\/\/archivportal.hu\/wp-content\/uploads\/2025\/12\/MFLSZ2025-02-768x512.jpg 768w, https:\/\/archivportal.hu\/wp-content\/uploads\/2025\/12\/MFLSZ2025-02.jpg 1024w\" sizes=\"(max-width: 500px) 100vw, 500px\" \/><br \/>\nD\u00e9lut\u00e1n a lev\u00e9lt\u00e1rosok sz\u00e1m\u00e1ra kerekasztal-besz\u00e9lget\u00e9s zajlott az Egyetemi \u00e9s egyh\u00e1zi lev\u00e9lt\u00e1rak fenntart\u00e1si k\u00e9rd\u00e9sei c\u00edmmel. A lev\u00e9lt\u00e1rfinansz\u00edroz\u00e1s k\u00e9rd\u00e9seir\u0151l tartott kerekasztal r\u00e9sztvev\u0151i, k\u00f6z\u00f6tt az MFLSZ-t Osv\u00e1th Zsolt eln\u00f6k, Moln\u00e1r L\u00e1szl\u00f3, Semmelweis Egyetem K\u00f6zponti Lev\u00e9lt\u00e1r igazgat\u00f3ja \u00e9s T\u00f3th Krisztina, az ELTE Egyetemi Lev\u00e9lt\u00e1r\u00e1nak vezet\u0151je k\u00e9pviselte.<br \/>\nA kerekasztalt k\u00f6vet\u0151en Koltai Andr\u00e1s (MELTE eln\u00f6ke) mutatta be a matricula.hu oldal fejleszt\u00e9seit, majd Homor P\u00e9ter az MFLSZ titk\u00e1ra tartott el\u0151ad\u00e1st az egyetemi lev\u00e9lt\u00e1rakban folyt digitaliz\u00e1l\u00e1si munk\u00e1kr\u00f3l, melyek gerinc\u00e9t az egyetemi \u00e9s kari tan\u00e1cs\u00fcl\u00e9si jegyz\u0151k\u00f6nyvek feldolgoz\u00e1sa tette ki.<br \/>\nA k\u00f6z\u00f6s v\u00e1ndorgy\u0171l\u00e9s r\u00e1vil\u00e1g\u00edtott az egyetemi \u00e9s egyh\u00e1zi lev\u00e9lt\u00e1rakra jellemz\u0151 k\u00f6z\u00f6s kih\u00edv\u00e1sokra \u00e9s c\u00e9lokra, k\u00fcl\u00f6n\u00f6sen a fenntart\u00e1si k\u00e9rd\u00e9sek \u00e9s a digitaliz\u00e1l\u00e1s ter\u00e9n. A k\u00f6z\u00f6s szekci\u00f3k \u00e9s kerekasztal-besz\u00e9lget\u00e9sek lehet\u0151v\u00e9 tett\u00e9k a tapasztalatcser\u00e9t.<br \/>\nAz egyetemi lev\u00e9lt\u00e1rosok sz\u00e1m\u00e1ra inspir\u00e1l\u00f3 volt a MELTE \u00e1ltal koordin\u00e1lt, orsz\u00e1gszint\u0171 digit\u00e1lis fejleszt\u00e9sek megismer\u00e9se (pl. matricula.hu fejleszt\u00e9sek, anyak\u00f6nyvi szem\u00e9lyn\u00e9v-adatb\u00e1zis), ami mint\u00e1t adhat az egyetemi lev\u00e9lt\u00e1ri adatvagyon kutat\u00e1si adatforr\u00e1sk\u00e9nt t\u00f6rt\u00e9n\u0151, egys\u00e9gesebb feldolgoz\u00e1s\u00e1ra. Ugyanakkor a fels\u0151oktat\u00e1si lev\u00e9lt\u00e1rak digitaliz\u00e1l\u00e1si gyakorlat\u00e1nak bemutat\u00e1sa (pl. jegyz\u0151k\u00f6nyvek feldolgoz\u00e1sa) \u00faj szempontokat ny\u00fajtott az egyh\u00e1zi koll\u00e9g\u00e1knak is.<br \/>\nAz el\u0151ad\u00e1sok r\u00e1vil\u00e1g\u00edtottak az egyetem- \u00e9s egyh\u00e1zt\u00f6rt\u00e9neti kutat\u00e1sok soksz\u00edn\u0171s\u00e9g\u00e9re, megmutatva a k\u00fcl\u00f6nb\u00f6z\u0151 lev\u00e9lt\u00e1rt\u00edpusok anyag\u00e1ban rejl\u0151 k\u00f6z\u00f6s kutat\u00e1si potenci\u00e1lt. Nagy \u00f6r\u00f6m, hogy az egyh\u00e1zi muzeol\u00f3gusok (EME) r\u00e9v\u00e9n \u00fajabb k\u00f6zgy\u0171jtem\u00e9ny t\u00edpus k\u00e9pvisel\u0151i vehettek r\u00e9szt a programban, seg\u00edtve az egyh\u00e1zi \u00e9s fels\u0151oktat\u00e1si gy\u0171jtem\u00e9nykezel\u0151k k\u00f6z\u00f6tti szakmai p\u00e1rbesz\u00e9det.<br \/>\nA harmadik napon a r\u00e9sztvev\u0151k Feldebr\u0151re kir\u00e1ndultak az ottani 11. sz\u00e1zadi ap\u00e1ts\u00e1gi templom megtekint\u00e9s\u00e9re, majd Gy\u00f6ngy\u00f6s\u00f6n a Szent Bertalan templomot, a l\u00e1togat\u00f3k\u00f6zpontot \u00e9s kincst\u00e1rat, valamint a Ferences K\u00f6nyvt\u00e1rat kerest\u00e9k fel.<br \/>\nAz MFLSZ k\u00f6vetkez\u0151 v\u00e1ndorgy\u0171l\u00e9s\u00e9nek 2026-ban Szombathelyen az ELTE Savaria Campus ad otthont.<\/p>\n<p>Fot\u00f3k: Ac\u00e9l R\u00f3bert (PTE Lev\u00e9lt\u00e1ra)<\/p>\n","protected":false},"excerpt":{"rendered":"<p>A Magyar Fels\u0151oktat\u00e1si Lev\u00e9lt\u00e1ri Sz\u00f6vets\u00e9g (MFLSZ) hagyom\u00e1nyos v\u00e1ndorgy\u0171l\u00e9s\u00e9re Egerben ker\u00fclt sor 2025. j\u00fanius 30. \u2013 j\u00falius 2. k\u00f6z\u00f6tt. Nagy \u00f6r\u00f6m\u00fcnkre szolg\u00e1lt, hogy a Magyar Egyh\u00e1zi Lev\u00e9lt\u00e1rosok Egyes\u00fclete (MELTE), az Egyh\u00e1zi Muzeol\u00f3gusok Egyes\u00fclet\u00e9vel (EME) kieg\u00e9sz\u00fclve, els\u0151 alkalommal tarthattunk k\u00f6z\u00f6s v\u00e1ndorgy\u0171l\u00e9st az \u00c9rseki Papnevel\u0151 Int\u00e9zetben. Az MFLSZ programja j\u00fanius 30-\u00e1n a lev\u00e9lt\u00e1rvezet\u0151k kerekasztal\u00e1val kezd\u0151d\u00f6tt, amelynek sor\u00e1n a [&hellip;]<\/p>\n","protected":false},"author":9,"featured_media":7874,"comment_status":"closed","ping_status":"open","sticky":false,"template":"","format":"standard","meta":{"_acf_changed":false,"footnotes":"","_links_to":"","_links_to_target":""},"categories":[1],"tags":[],"class_list":["post-7868","post","type-post","status-publish","format-standard","has-post-thumbnail","hentry","category-hir"],"acf":[],"yoast_head":"<!-- This site is optimized with the Yoast SEO plugin v27.5 - https:\/\/yoast.com\/product\/yoast-seo-wordpress\/ -->\n<title>A fels\u0151oktat\u00e1si lev\u00e9lt\u00e1ri szekci\u00f3 munk\u00e1ja a MELTE-MFLSZ-EME k\u00f6z\u00f6s egri v\u00e1ndorgy\u0171l\u00e9s\u00e9n - Magyar Lev\u00e9lt\u00e1ri Port\u00e1l<\/title>\n<meta name=\"robots\" content=\"index, follow, max-snippet:-1, max-image-preview:large, max-video-preview:-1\" \/>\n<meta property=\"og:locale\" content=\"en_US\" \/>\n<meta property=\"og:type\" content=\"article\" \/>\n<meta property=\"og:title\" content=\"A fels\u0151oktat\u00e1si lev\u00e9lt\u00e1ri szekci\u00f3 munk\u00e1ja a MELTE-MFLSZ-EME k\u00f6z\u00f6s egri v\u00e1ndorgy\u0171l\u00e9s\u00e9n - Magyar Lev\u00e9lt\u00e1ri Port\u00e1l\" \/>\n<meta property=\"og:description\" content=\"A Magyar Fels\u0151oktat\u00e1si Lev\u00e9lt\u00e1ri Sz\u00f6vets\u00e9g (MFLSZ) hagyom\u00e1nyos v\u00e1ndorgy\u0171l\u00e9s\u00e9re Egerben ker\u00fclt sor 2025. j\u00fanius 30. \u2013 j\u00falius 2. k\u00f6z\u00f6tt. Nagy \u00f6r\u00f6m\u00fcnkre szolg\u00e1lt, hogy a Magyar Egyh\u00e1zi Lev\u00e9lt\u00e1rosok Egyes\u00fclete (MELTE), az Egyh\u00e1zi Muzeol\u00f3gusok Egyes\u00fclet\u00e9vel (EME) kieg\u00e9sz\u00fclve, els\u0151 alkalommal tarthattunk k\u00f6z\u00f6s v\u00e1ndorgy\u0171l\u00e9st az \u00c9rseki Papnevel\u0151 Int\u00e9zetben. Az MFLSZ programja j\u00fanius 30-\u00e1n a lev\u00e9lt\u00e1rvezet\u0151k kerekasztal\u00e1val kezd\u0151d\u00f6tt, amelynek sor\u00e1n a [&hellip;]\" \/>\n<meta property=\"og:url\" content=\"https:\/\/archivportal.hu\/index.php\/a-felsooktatasi-leveltari-szekcio-munkaja-a-melte-mflsz-eme-kozos-egri-vandorgyulesen\/\" \/>\n<meta property=\"og:site_name\" content=\"Magyar Lev\u00e9lt\u00e1ri Port\u00e1l\" \/>\n<meta property=\"article:publisher\" content=\"https:\/\/www.facebook.com\/magyarleveltarosok.egyesulete\" \/>\n<meta property=\"article:published_time\" content=\"2025-12-16T10:26:29+00:00\" \/>\n<meta property=\"article:modified_time\" content=\"2025-12-16T10:27:52+00:00\" \/>\n<meta property=\"og:image\" content=\"https:\/\/archivportal.hu\/wp-content\/uploads\/2025\/12\/MFLSZ2025-03.png\" \/>\n\t<meta property=\"og:image:width\" content=\"787\" \/>\n\t<meta property=\"og:image:height\" content=\"499\" \/>\n\t<meta property=\"og:image:type\" content=\"image\/png\" \/>\n<meta name=\"author\" content=\"Homor P\u00e9ter\" \/>\n<meta name=\"twitter:card\" content=\"summary_large_image\" \/>\n<meta name=\"twitter:label1\" content=\"Written by\" \/>\n\t<meta name=\"twitter:data1\" content=\"Homor P\u00e9ter\" \/>\n\t<meta name=\"twitter:label2\" content=\"Est. reading time\" \/>\n\t<meta name=\"twitter:data2\" content=\"4 minutes\" \/>\n<script type=\"application\/ld+json\" class=\"yoast-schema-graph\">{\"@context\":\"https:\\\/\\\/schema.org\",\"@graph\":[{\"@type\":\"Article\",\"@id\":\"https:\\\/\\\/archivportal.hu\\\/index.php\\\/a-felsooktatasi-leveltari-szekcio-munkaja-a-melte-mflsz-eme-kozos-egri-vandorgyulesen\\\/#article\",\"isPartOf\":{\"@id\":\"https:\\\/\\\/archivportal.hu\\\/index.php\\\/a-felsooktatasi-leveltari-szekcio-munkaja-a-melte-mflsz-eme-kozos-egri-vandorgyulesen\\\/\"},\"author\":{\"name\":\"Homor P\u00e9ter\",\"@id\":\"https:\\\/\\\/archivportal.hu\\\/#\\\/schema\\\/person\\\/787840f912c4bff397b2f916362d17bb\"},\"headline\":\"A fels\u0151oktat\u00e1si lev\u00e9lt\u00e1ri szekci\u00f3 munk\u00e1ja a MELTE-MFLSZ-EME k\u00f6z\u00f6s egri v\u00e1ndorgy\u0171l\u00e9s\u00e9n\",\"datePublished\":\"2025-12-16T10:26:29+00:00\",\"dateModified\":\"2025-12-16T10:27:52+00:00\",\"mainEntityOfPage\":{\"@id\":\"https:\\\/\\\/archivportal.hu\\\/index.php\\\/a-felsooktatasi-leveltari-szekcio-munkaja-a-melte-mflsz-eme-kozos-egri-vandorgyulesen\\\/\"},\"wordCount\":1080,\"publisher\":{\"@id\":\"https:\\\/\\\/archivportal.hu\\\/#organization\"},\"image\":{\"@id\":\"https:\\\/\\\/archivportal.hu\\\/index.php\\\/a-felsooktatasi-leveltari-szekcio-munkaja-a-melte-mflsz-eme-kozos-egri-vandorgyulesen\\\/#primaryimage\"},\"thumbnailUrl\":\"https:\\\/\\\/archivportal.hu\\\/wp-content\\\/uploads\\\/2025\\\/12\\\/MFLSZ2025-03.png\",\"articleSection\":[\"H\u00edr\"],\"inLanguage\":\"en-US\"},{\"@type\":\"WebPage\",\"@id\":\"https:\\\/\\\/archivportal.hu\\\/index.php\\\/a-felsooktatasi-leveltari-szekcio-munkaja-a-melte-mflsz-eme-kozos-egri-vandorgyulesen\\\/\",\"url\":\"https:\\\/\\\/archivportal.hu\\\/index.php\\\/a-felsooktatasi-leveltari-szekcio-munkaja-a-melte-mflsz-eme-kozos-egri-vandorgyulesen\\\/\",\"name\":\"A fels\u0151oktat\u00e1si lev\u00e9lt\u00e1ri szekci\u00f3 munk\u00e1ja a MELTE-MFLSZ-EME k\u00f6z\u00f6s egri v\u00e1ndorgy\u0171l\u00e9s\u00e9n - Magyar Lev\u00e9lt\u00e1ri Port\u00e1l\",\"isPartOf\":{\"@id\":\"https:\\\/\\\/archivportal.hu\\\/#website\"},\"primaryImageOfPage\":{\"@id\":\"https:\\\/\\\/archivportal.hu\\\/index.php\\\/a-felsooktatasi-leveltari-szekcio-munkaja-a-melte-mflsz-eme-kozos-egri-vandorgyulesen\\\/#primaryimage\"},\"image\":{\"@id\":\"https:\\\/\\\/archivportal.hu\\\/index.php\\\/a-felsooktatasi-leveltari-szekcio-munkaja-a-melte-mflsz-eme-kozos-egri-vandorgyulesen\\\/#primaryimage\"},\"thumbnailUrl\":\"https:\\\/\\\/archivportal.hu\\\/wp-content\\\/uploads\\\/2025\\\/12\\\/MFLSZ2025-03.png\",\"datePublished\":\"2025-12-16T10:26:29+00:00\",\"dateModified\":\"2025-12-16T10:27:52+00:00\",\"breadcrumb\":{\"@id\":\"https:\\\/\\\/archivportal.hu\\\/index.php\\\/a-felsooktatasi-leveltari-szekcio-munkaja-a-melte-mflsz-eme-kozos-egri-vandorgyulesen\\\/#breadcrumb\"},\"inLanguage\":\"en-US\",\"potentialAction\":[{\"@type\":\"ReadAction\",\"target\":[\"https:\\\/\\\/archivportal.hu\\\/index.php\\\/a-felsooktatasi-leveltari-szekcio-munkaja-a-melte-mflsz-eme-kozos-egri-vandorgyulesen\\\/\"]}]},{\"@type\":\"ImageObject\",\"inLanguage\":\"en-US\",\"@id\":\"https:\\\/\\\/archivportal.hu\\\/index.php\\\/a-felsooktatasi-leveltari-szekcio-munkaja-a-melte-mflsz-eme-kozos-egri-vandorgyulesen\\\/#primaryimage\",\"url\":\"https:\\\/\\\/archivportal.hu\\\/wp-content\\\/uploads\\\/2025\\\/12\\\/MFLSZ2025-03.png\",\"contentUrl\":\"https:\\\/\\\/archivportal.hu\\\/wp-content\\\/uploads\\\/2025\\\/12\\\/MFLSZ2025-03.png\",\"width\":787,\"height\":499},{\"@type\":\"BreadcrumbList\",\"@id\":\"https:\\\/\\\/archivportal.hu\\\/index.php\\\/a-felsooktatasi-leveltari-szekcio-munkaja-a-melte-mflsz-eme-kozos-egri-vandorgyulesen\\\/#breadcrumb\",\"itemListElement\":[{\"@type\":\"ListItem\",\"position\":1,\"name\":\"Home\",\"item\":\"https:\\\/\\\/archivportal.hu\\\/\"},{\"@type\":\"ListItem\",\"position\":2,\"name\":\"A fels\u0151oktat\u00e1si lev\u00e9lt\u00e1ri szekci\u00f3 munk\u00e1ja a MELTE-MFLSZ-EME k\u00f6z\u00f6s egri v\u00e1ndorgy\u0171l\u00e9s\u00e9n\"}]},{\"@type\":\"WebSite\",\"@id\":\"https:\\\/\\\/archivportal.hu\\\/#website\",\"url\":\"https:\\\/\\\/archivportal.hu\\\/\",\"name\":\"Magyar Lev\u00e9lt\u00e1ri Port\u00e1l\",\"description\":\"Az online foly\u00f3irat\",\"publisher\":{\"@id\":\"https:\\\/\\\/archivportal.hu\\\/#organization\"},\"potentialAction\":[{\"@type\":\"SearchAction\",\"target\":{\"@type\":\"EntryPoint\",\"urlTemplate\":\"https:\\\/\\\/archivportal.hu\\\/?s={search_term_string}\"},\"query-input\":{\"@type\":\"PropertyValueSpecification\",\"valueRequired\":true,\"valueName\":\"search_term_string\"}}],\"inLanguage\":\"en-US\"},{\"@type\":\"Organization\",\"@id\":\"https:\\\/\\\/archivportal.hu\\\/#organization\",\"name\":\"Magyar Lev\u00e9lt\u00e1ri Port\u00e1l\",\"url\":\"https:\\\/\\\/archivportal.hu\\\/\",\"logo\":{\"@type\":\"ImageObject\",\"inLanguage\":\"en-US\",\"@id\":\"https:\\\/\\\/archivportal.hu\\\/#\\\/schema\\\/logo\\\/image\\\/\",\"url\":\"https:\\\/\\\/archivportal.hu\\\/wp-content\\\/uploads\\\/2022\\\/06\\\/MLP_logo_HU.png\",\"contentUrl\":\"https:\\\/\\\/archivportal.hu\\\/wp-content\\\/uploads\\\/2022\\\/06\\\/MLP_logo_HU.png\",\"width\":1252,\"height\":144,\"caption\":\"Magyar Lev\u00e9lt\u00e1ri Port\u00e1l\"},\"image\":{\"@id\":\"https:\\\/\\\/archivportal.hu\\\/#\\\/schema\\\/logo\\\/image\\\/\"},\"sameAs\":[\"https:\\\/\\\/www.facebook.com\\\/magyarleveltarosok.egyesulete\"]},{\"@type\":\"Person\",\"@id\":\"https:\\\/\\\/archivportal.hu\\\/#\\\/schema\\\/person\\\/787840f912c4bff397b2f916362d17bb\",\"name\":\"Homor P\u00e9ter\",\"image\":{\"@type\":\"ImageObject\",\"inLanguage\":\"en-US\",\"@id\":\"https:\\\/\\\/secure.gravatar.com\\\/avatar\\\/de30c4510230eaaa3319a8c5e58d29dcd43d7eb03715ab774abc92a0cc139fc0?s=96&d=mm&r=g\",\"url\":\"https:\\\/\\\/secure.gravatar.com\\\/avatar\\\/de30c4510230eaaa3319a8c5e58d29dcd43d7eb03715ab774abc92a0cc139fc0?s=96&d=mm&r=g\",\"contentUrl\":\"https:\\\/\\\/secure.gravatar.com\\\/avatar\\\/de30c4510230eaaa3319a8c5e58d29dcd43d7eb03715ab774abc92a0cc139fc0?s=96&d=mm&r=g\",\"caption\":\"Homor P\u00e9ter\"},\"url\":\"https:\\\/\\\/archivportal.hu\\\/index.php\\\/author\\\/homor-peter\\\/\"}]}<\/script>\n<!-- \/ Yoast SEO plugin. -->","yoast_head_json":{"title":"A fels\u0151oktat\u00e1si lev\u00e9lt\u00e1ri szekci\u00f3 munk\u00e1ja a MELTE-MFLSZ-EME k\u00f6z\u00f6s egri v\u00e1ndorgy\u0171l\u00e9s\u00e9n - Magyar Lev\u00e9lt\u00e1ri Port\u00e1l","robots":{"index":"index","follow":"follow","max-snippet":"max-snippet:-1","max-image-preview":"max-image-preview:large","max-video-preview":"max-video-preview:-1"},"og_locale":"en_US","og_type":"article","og_title":"A fels\u0151oktat\u00e1si lev\u00e9lt\u00e1ri szekci\u00f3 munk\u00e1ja a MELTE-MFLSZ-EME k\u00f6z\u00f6s egri v\u00e1ndorgy\u0171l\u00e9s\u00e9n - Magyar Lev\u00e9lt\u00e1ri Port\u00e1l","og_description":"A Magyar Fels\u0151oktat\u00e1si Lev\u00e9lt\u00e1ri Sz\u00f6vets\u00e9g (MFLSZ) hagyom\u00e1nyos v\u00e1ndorgy\u0171l\u00e9s\u00e9re Egerben ker\u00fclt sor 2025. j\u00fanius 30. \u2013 j\u00falius 2. k\u00f6z\u00f6tt. Nagy \u00f6r\u00f6m\u00fcnkre szolg\u00e1lt, hogy a Magyar Egyh\u00e1zi Lev\u00e9lt\u00e1rosok Egyes\u00fclete (MELTE), az Egyh\u00e1zi Muzeol\u00f3gusok Egyes\u00fclet\u00e9vel (EME) kieg\u00e9sz\u00fclve, els\u0151 alkalommal tarthattunk k\u00f6z\u00f6s v\u00e1ndorgy\u0171l\u00e9st az \u00c9rseki Papnevel\u0151 Int\u00e9zetben. Az MFLSZ programja j\u00fanius 30-\u00e1n a lev\u00e9lt\u00e1rvezet\u0151k kerekasztal\u00e1val kezd\u0151d\u00f6tt, amelynek sor\u00e1n a [&hellip;]","og_url":"https:\/\/archivportal.hu\/index.php\/a-felsooktatasi-leveltari-szekcio-munkaja-a-melte-mflsz-eme-kozos-egri-vandorgyulesen\/","og_site_name":"Magyar Lev\u00e9lt\u00e1ri Port\u00e1l","article_publisher":"https:\/\/www.facebook.com\/magyarleveltarosok.egyesulete","article_published_time":"2025-12-16T10:26:29+00:00","article_modified_time":"2025-12-16T10:27:52+00:00","og_image":[{"width":787,"height":499,"url":"https:\/\/archivportal.hu\/wp-content\/uploads\/2025\/12\/MFLSZ2025-03.png","type":"image\/png"}],"author":"Homor P\u00e9ter","twitter_card":"summary_large_image","twitter_misc":{"Written by":"Homor P\u00e9ter","Est. reading time":"4 minutes"},"schema":{"@context":"https:\/\/schema.org","@graph":[{"@type":"Article","@id":"https:\/\/archivportal.hu\/index.php\/a-felsooktatasi-leveltari-szekcio-munkaja-a-melte-mflsz-eme-kozos-egri-vandorgyulesen\/#article","isPartOf":{"@id":"https:\/\/archivportal.hu\/index.php\/a-felsooktatasi-leveltari-szekcio-munkaja-a-melte-mflsz-eme-kozos-egri-vandorgyulesen\/"},"author":{"name":"Homor P\u00e9ter","@id":"https:\/\/archivportal.hu\/#\/schema\/person\/787840f912c4bff397b2f916362d17bb"},"headline":"A fels\u0151oktat\u00e1si lev\u00e9lt\u00e1ri szekci\u00f3 munk\u00e1ja a MELTE-MFLSZ-EME k\u00f6z\u00f6s egri v\u00e1ndorgy\u0171l\u00e9s\u00e9n","datePublished":"2025-12-16T10:26:29+00:00","dateModified":"2025-12-16T10:27:52+00:00","mainEntityOfPage":{"@id":"https:\/\/archivportal.hu\/index.php\/a-felsooktatasi-leveltari-szekcio-munkaja-a-melte-mflsz-eme-kozos-egri-vandorgyulesen\/"},"wordCount":1080,"publisher":{"@id":"https:\/\/archivportal.hu\/#organization"},"image":{"@id":"https:\/\/archivportal.hu\/index.php\/a-felsooktatasi-leveltari-szekcio-munkaja-a-melte-mflsz-eme-kozos-egri-vandorgyulesen\/#primaryimage"},"thumbnailUrl":"https:\/\/archivportal.hu\/wp-content\/uploads\/2025\/12\/MFLSZ2025-03.png","articleSection":["H\u00edr"],"inLanguage":"en-US"},{"@type":"WebPage","@id":"https:\/\/archivportal.hu\/index.php\/a-felsooktatasi-leveltari-szekcio-munkaja-a-melte-mflsz-eme-kozos-egri-vandorgyulesen\/","url":"https:\/\/archivportal.hu\/index.php\/a-felsooktatasi-leveltari-szekcio-munkaja-a-melte-mflsz-eme-kozos-egri-vandorgyulesen\/","name":"A fels\u0151oktat\u00e1si lev\u00e9lt\u00e1ri szekci\u00f3 munk\u00e1ja a MELTE-MFLSZ-EME k\u00f6z\u00f6s egri v\u00e1ndorgy\u0171l\u00e9s\u00e9n - Magyar Lev\u00e9lt\u00e1ri Port\u00e1l","isPartOf":{"@id":"https:\/\/archivportal.hu\/#website"},"primaryImageOfPage":{"@id":"https:\/\/archivportal.hu\/index.php\/a-felsooktatasi-leveltari-szekcio-munkaja-a-melte-mflsz-eme-kozos-egri-vandorgyulesen\/#primaryimage"},"image":{"@id":"https:\/\/archivportal.hu\/index.php\/a-felsooktatasi-leveltari-szekcio-munkaja-a-melte-mflsz-eme-kozos-egri-vandorgyulesen\/#primaryimage"},"thumbnailUrl":"https:\/\/archivportal.hu\/wp-content\/uploads\/2025\/12\/MFLSZ2025-03.png","datePublished":"2025-12-16T10:26:29+00:00","dateModified":"2025-12-16T10:27:52+00:00","breadcrumb":{"@id":"https:\/\/archivportal.hu\/index.php\/a-felsooktatasi-leveltari-szekcio-munkaja-a-melte-mflsz-eme-kozos-egri-vandorgyulesen\/#breadcrumb"},"inLanguage":"en-US","potentialAction":[{"@type":"ReadAction","target":["https:\/\/archivportal.hu\/index.php\/a-felsooktatasi-leveltari-szekcio-munkaja-a-melte-mflsz-eme-kozos-egri-vandorgyulesen\/"]}]},{"@type":"ImageObject","inLanguage":"en-US","@id":"https:\/\/archivportal.hu\/index.php\/a-felsooktatasi-leveltari-szekcio-munkaja-a-melte-mflsz-eme-kozos-egri-vandorgyulesen\/#primaryimage","url":"https:\/\/archivportal.hu\/wp-content\/uploads\/2025\/12\/MFLSZ2025-03.png","contentUrl":"https:\/\/archivportal.hu\/wp-content\/uploads\/2025\/12\/MFLSZ2025-03.png","width":787,"height":499},{"@type":"BreadcrumbList","@id":"https:\/\/archivportal.hu\/index.php\/a-felsooktatasi-leveltari-szekcio-munkaja-a-melte-mflsz-eme-kozos-egri-vandorgyulesen\/#breadcrumb","itemListElement":[{"@type":"ListItem","position":1,"name":"Home","item":"https:\/\/archivportal.hu\/"},{"@type":"ListItem","position":2,"name":"A fels\u0151oktat\u00e1si lev\u00e9lt\u00e1ri szekci\u00f3 munk\u00e1ja a MELTE-MFLSZ-EME k\u00f6z\u00f6s egri v\u00e1ndorgy\u0171l\u00e9s\u00e9n"}]},{"@type":"WebSite","@id":"https:\/\/archivportal.hu\/#website","url":"https:\/\/archivportal.hu\/","name":"Magyar Lev\u00e9lt\u00e1ri Port\u00e1l","description":"Az online foly\u00f3irat","publisher":{"@id":"https:\/\/archivportal.hu\/#organization"},"potentialAction":[{"@type":"SearchAction","target":{"@type":"EntryPoint","urlTemplate":"https:\/\/archivportal.hu\/?s={search_term_string}"},"query-input":{"@type":"PropertyValueSpecification","valueRequired":true,"valueName":"search_term_string"}}],"inLanguage":"en-US"},{"@type":"Organization","@id":"https:\/\/archivportal.hu\/#organization","name":"Magyar Lev\u00e9lt\u00e1ri Port\u00e1l","url":"https:\/\/archivportal.hu\/","logo":{"@type":"ImageObject","inLanguage":"en-US","@id":"https:\/\/archivportal.hu\/#\/schema\/logo\/image\/","url":"https:\/\/archivportal.hu\/wp-content\/uploads\/2022\/06\/MLP_logo_HU.png","contentUrl":"https:\/\/archivportal.hu\/wp-content\/uploads\/2022\/06\/MLP_logo_HU.png","width":1252,"height":144,"caption":"Magyar Lev\u00e9lt\u00e1ri Port\u00e1l"},"image":{"@id":"https:\/\/archivportal.hu\/#\/schema\/logo\/image\/"},"sameAs":["https:\/\/www.facebook.com\/magyarleveltarosok.egyesulete"]},{"@type":"Person","@id":"https:\/\/archivportal.hu\/#\/schema\/person\/787840f912c4bff397b2f916362d17bb","name":"Homor P\u00e9ter","image":{"@type":"ImageObject","inLanguage":"en-US","@id":"https:\/\/secure.gravatar.com\/avatar\/de30c4510230eaaa3319a8c5e58d29dcd43d7eb03715ab774abc92a0cc139fc0?s=96&d=mm&r=g","url":"https:\/\/secure.gravatar.com\/avatar\/de30c4510230eaaa3319a8c5e58d29dcd43d7eb03715ab774abc92a0cc139fc0?s=96&d=mm&r=g","contentUrl":"https:\/\/secure.gravatar.com\/avatar\/de30c4510230eaaa3319a8c5e58d29dcd43d7eb03715ab774abc92a0cc139fc0?s=96&d=mm&r=g","caption":"Homor P\u00e9ter"},"url":"https:\/\/archivportal.hu\/index.php\/author\/homor-peter\/"}]}},"_links":{"self":[{"href":"https:\/\/archivportal.hu\/index.php\/wp-json\/wp\/v2\/posts\/7868","targetHints":{"allow":["GET"]}}],"collection":[{"href":"https:\/\/archivportal.hu\/index.php\/wp-json\/wp\/v2\/posts"}],"about":[{"href":"https:\/\/archivportal.hu\/index.php\/wp-json\/wp\/v2\/types\/post"}],"author":[{"embeddable":true,"href":"https:\/\/archivportal.hu\/index.php\/wp-json\/wp\/v2\/users\/9"}],"replies":[{"embeddable":true,"href":"https:\/\/archivportal.hu\/index.php\/wp-json\/wp\/v2\/comments?post=7868"}],"version-history":[{"count":4,"href":"https:\/\/archivportal.hu\/index.php\/wp-json\/wp\/v2\/posts\/7868\/revisions"}],"predecessor-version":[{"id":7875,"href":"https:\/\/archivportal.hu\/index.php\/wp-json\/wp\/v2\/posts\/7868\/revisions\/7875"}],"wp:featuredmedia":[{"embeddable":true,"href":"https:\/\/archivportal.hu\/index.php\/wp-json\/wp\/v2\/media\/7874"}],"wp:attachment":[{"href":"https:\/\/archivportal.hu\/index.php\/wp-json\/wp\/v2\/media?parent=7868"}],"wp:term":[{"taxonomy":"category","embeddable":true,"href":"https:\/\/archivportal.hu\/index.php\/wp-json\/wp\/v2\/categories?post=7868"},{"taxonomy":"post_tag","embeddable":true,"href":"https:\/\/archivportal.hu\/index.php\/wp-json\/wp\/v2\/tags?post=7868"}],"curies":[{"name":"wp","href":"https:\/\/api.w.org\/{rel}","templated":true}]}}