{"id":8347,"date":"2026-09-03T13:56:11","date_gmt":"2026-09-03T13:56:11","guid":{"rendered":"https:\/\/archivportal.hu\/?p=8347"},"modified":"2026-09-03T13:56:12","modified_gmt":"2026-09-03T13:56:12","slug":"tisztujito-kozgyules-2026-szeptember-9","status":"publish","type":"post","link":"https:\/\/archivportal.hu\/index.php\/tisztujito-kozgyules-2026-szeptember-9\/","title":{"rendered":"Tiszt\u00faj\u00edt\u00f3 k\u00f6zgy\u0171l\u00e9s: 2026. szeptember 9."},"content":{"rendered":"\n<p class=\"wp-block-paragraph\"><strong>Megh\u00edv\u00f3<\/strong><\/p>\n\n\n\n<p class=\"wp-block-paragraph\">A Magyar Lev\u00e9lt\u00e1rosok Egyes\u00fclet\u00e9nek tiszt\u00faj\u00edt\u00f3 k\u00f6zgy\u0171l\u00e9s\u00e9re, amit<\/p>\n\n\n\n<p class=\"wp-block-paragraph\"><strong>2026. szeptember 09. (szerda) 10:00 \u00f3r\u00e1ra<\/strong> h\u00edvok \u00f6ssze.<\/p>\n\n\n\n<p class=\"wp-block-paragraph\"><strong>Helysz\u00edn: Budapest F\u0151v\u00e1ros Lev\u00e9lt\u00e1ra, 1139 Bp., Teve utca 3-5., G\u00e1rdonyi terem \u00e9s online (<a href=\"https:\/\/egyesuletonline.hu\/\">https:\/\/egyesuletonline.hu\/<\/a>) fel\u00fclete<\/strong><\/p>\n\n\n\n<p class=\"wp-block-paragraph\">Szem\u00e9lyes vagy online r\u00e9szv\u00e9teli sz\u00e1nd\u00e9kukat a k\u00e9rd\u0151\u00edv kit\u00f6lt\u00e9s\u00e9vel<\/p>\n\n\n\n<p class=\"wp-block-paragraph\"><a href=\"https:\/\/docs.google.com\/forms\/d\/e\/1FAIpQLSca6J1TxQC_4VLajzZCeNT12ZHBYN-ZYuiG910g9antYWmNjg\/viewform?usp=header\">Magyar Lev\u00e9lt\u00e1rosok Egyes\u00fclet\u00e9nek 2026. \u00e9vi tiszt\u00faj\u00edt\u00e1sa &#8211; online vagy szem\u00e9lyes szavaz\u00e1s meger\u0151s\u00edt\u00e9se<\/a><\/p>\n\n\n\n<p class=\"wp-block-paragraph\">vagy k\u00fcl\u00f6n e-mailben legk\u00e9s\u0151bb&nbsp;<strong>2026. szeptember 5. (szombat) 24:00 \u00f3r\u00e1ig<\/strong>&nbsp;jelezhetik.<\/p>\n\n\n\n<p class=\"wp-block-paragraph\">Napirend:<\/p>\n\n\n\n<p class=\"wp-block-paragraph\">1. A k\u00f6zgy\u0171l\u00e9s tiszts\u00e9gvisel\u0151inek megv\u00e1laszt\u00e1sa&nbsp;(levezet\u0151 eln\u00f6k, jegyz\u0151k\u00f6nyvvezet\u0151, jegyz\u0151k\u00f6nyv hiteles\u00edt\u0151k)<\/p>\n\n\n\n<p class=\"wp-block-paragraph\">2. Eln\u00f6ki besz\u00e1mol\u00f3 (2021\u20132026)<\/p>\n\n\n\n<p class=\"wp-block-paragraph\">3. Ellen\u0151rz\u0151 Bizotts\u00e1g besz\u00e1mol\u00f3ja (2021\u20132026)<\/p>\n\n\n\n<p class=\"wp-block-paragraph\">4. Jel\u00f6l\u0151 Bizotts\u00e1g besz\u00e1mol\u00f3ja<\/p>\n\n\n\n<p class=\"wp-block-paragraph\">5. V\u00e1laszt\u00e1si Bizotts\u00e1g megv\u00e1laszt\u00e1sa<\/p>\n\n\n\n<p class=\"wp-block-paragraph\">6. Tiszt\u00faj\u00edt\u00e1s, szavaz\u00e1s (5 \u00e9vre: eln\u00f6k, aleln\u00f6k\u00f6k, v\u00e1lasztm\u00e1nyi tagok, ellen\u0151rz\u0151 bizotts\u00e1g megv\u00e1laszt\u00e1sa)<\/p>\n\n\n\n<p class=\"wp-block-paragraph\">7. A v\u00e1laszt\u00e1s eredm\u00e9ny\u00e9nek kihirdet\u00e9se<\/p>\n\n\n\n<p class=\"wp-block-paragraph\">8. A megv\u00e1lasztott eln\u00f6k z\u00e1rszava<\/p>\n\n\n\n<p class=\"wp-block-paragraph\">A k\u00f6zgy\u0171l\u00e9sre tisztelettel megh\u00edvom, r\u00e9szv\u00e9tel\u00e9re sz\u00e1m\u00edtok!<\/p>\n\n\n\n<p class=\"wp-block-paragraph\">Budapest, 2026. szeptember 03.<\/p>\n\n\n\n<p class=\"has-text-align-center wp-block-paragraph\"><strong>Dr. Kenyeres Istv\u00e1n s. k.<\/strong><br><em>MLE eln\u00f6k<\/em><\/p>\n","protected":false},"excerpt":{"rendered":"<p>Megh\u00edv\u00f3 A Magyar Lev\u00e9lt\u00e1rosok Egyes\u00fclet\u00e9nek tiszt\u00faj\u00edt\u00f3 k\u00f6zgy\u0171l\u00e9s\u00e9re, amit 2026. szeptember 09. (szerda) 10:00 \u00f3r\u00e1ra h\u00edvok \u00f6ssze. Helysz\u00edn: Budapest F\u0151v\u00e1ros Lev\u00e9lt\u00e1ra, 1139 Bp., Teve utca 3-5., G\u00e1rdonyi terem \u00e9s online (https:\/\/egyesuletonline.hu\/) fel\u00fclete Szem\u00e9lyes vagy online r\u00e9szv\u00e9teli sz\u00e1nd\u00e9kukat a k\u00e9rd\u0151\u00edv kit\u00f6lt\u00e9s\u00e9vel Magyar Lev\u00e9lt\u00e1rosok Egyes\u00fclet\u00e9nek 2026. \u00e9vi tiszt\u00faj\u00edt\u00e1sa &#8211; online vagy szem\u00e9lyes szavaz\u00e1s meger\u0151s\u00edt\u00e9se vagy k\u00fcl\u00f6n e-mailben legk\u00e9s\u0151bb&nbsp;2026. [&hellip;]<\/p>\n","protected":false},"author":3,"featured_media":6187,"comment_status":"closed","ping_status":"open","sticky":false,"template":"","format":"standard","meta":{"_acf_changed":false,"footnotes":"","_links_to":"","_links_to_target":""},"categories":[1],"tags":[],"class_list":["post-8347","post","type-post","status-publish","format-standard","has-post-thumbnail","hentry","category-hir"],"acf":[],"yoast_head":"<!-- This site is optimized with the Yoast SEO plugin v28.4 - https:\/\/yoast.com\/product\/yoast-seo-wordpress\/ -->\n<title>Tiszt\u00faj\u00edt\u00f3 k\u00f6zgy\u0171l\u00e9s: 2026. szeptember 9. - Magyar Lev\u00e9lt\u00e1ri Port\u00e1l<\/title>\n<meta name=\"robots\" content=\"index, follow, max-snippet:-1, max-image-preview:large, max-video-preview:-1\" \/>\n<meta property=\"og:locale\" content=\"en_US\" \/>\n<meta property=\"og:type\" content=\"article\" \/>\n<meta property=\"og:title\" content=\"Tiszt\u00faj\u00edt\u00f3 k\u00f6zgy\u0171l\u00e9s: 2026. szeptember 9. - Magyar Lev\u00e9lt\u00e1ri Port\u00e1l\" \/>\n<meta property=\"og:description\" content=\"Megh\u00edv\u00f3 A Magyar Lev\u00e9lt\u00e1rosok Egyes\u00fclet\u00e9nek tiszt\u00faj\u00edt\u00f3 k\u00f6zgy\u0171l\u00e9s\u00e9re, amit 2026. szeptember 09. (szerda) 10:00 \u00f3r\u00e1ra h\u00edvok \u00f6ssze. Helysz\u00edn: Budapest F\u0151v\u00e1ros Lev\u00e9lt\u00e1ra, 1139 Bp., Teve utca 3-5., G\u00e1rdonyi terem \u00e9s online (https:\/\/egyesuletonline.hu\/) fel\u00fclete Szem\u00e9lyes vagy online r\u00e9szv\u00e9teli sz\u00e1nd\u00e9kukat a k\u00e9rd\u0151\u00edv kit\u00f6lt\u00e9s\u00e9vel Magyar Lev\u00e9lt\u00e1rosok Egyes\u00fclet\u00e9nek 2026. \u00e9vi tiszt\u00faj\u00edt\u00e1sa &#8211; online vagy szem\u00e9lyes szavaz\u00e1s meger\u0151s\u00edt\u00e9se vagy k\u00fcl\u00f6n e-mailben legk\u00e9s\u0151bb&nbsp;2026. [&hellip;]\" \/>\n<meta property=\"og:url\" content=\"https:\/\/archivportal.hu\/index.php\/tisztujito-kozgyules-2026-szeptember-9\/\" \/>\n<meta property=\"og:site_name\" content=\"Magyar Lev\u00e9lt\u00e1ri Port\u00e1l\" \/>\n<meta property=\"article:publisher\" content=\"https:\/\/www.facebook.com\/magyarleveltarosok.egyesulete\" \/>\n<meta property=\"article:published_time\" content=\"2026-09-03T13:56:11+00:00\" \/>\n<meta property=\"article:modified_time\" content=\"2026-09-03T13:56:12+00:00\" \/>\n<meta property=\"og:image\" content=\"https:\/\/archivportal.hu\/wp-content\/uploads\/2023\/01\/ures.jpg\" \/>\n\t<meta property=\"og:image:width\" content=\"1110\" \/>\n\t<meta property=\"og:image:height\" content=\"637\" \/>\n\t<meta property=\"og:image:type\" content=\"image\/jpeg\" \/>\n<meta name=\"author\" content=\"Ternovacz Balint\" \/>\n<meta name=\"twitter:card\" content=\"summary_large_image\" \/>\n<meta name=\"twitter:label1\" content=\"Written by\" \/>\n\t<meta name=\"twitter:data1\" content=\"Ternovacz Balint\" \/>\n\t<meta name=\"twitter:label2\" content=\"Est. reading time\" \/>\n\t<meta name=\"twitter:data2\" content=\"1 minute\" \/>\n<script type=\"application\/ld+json\" class=\"yoast-schema-graph\">{\"@context\":\"https:\\\/\\\/schema.org\",\"@graph\":[{\"@type\":\"Article\",\"@id\":\"https:\\\/\\\/archivportal.hu\\\/index.php\\\/tisztujito-kozgyules-2026-szeptember-9\\\/#article\",\"isPartOf\":{\"@id\":\"https:\\\/\\\/archivportal.hu\\\/index.php\\\/tisztujito-kozgyules-2026-szeptember-9\\\/\"},\"author\":{\"name\":\"Ternovacz Balint\",\"@id\":\"https:\\\/\\\/archivportal.hu\\\/#\\\/schema\\\/person\\\/231cf595275618403082675708746a44\"},\"headline\":\"Tiszt\u00faj\u00edt\u00f3 k\u00f6zgy\u0171l\u00e9s: 2026. szeptember 9.\",\"datePublished\":\"2026-09-03T13:56:11+00:00\",\"dateModified\":\"2026-09-03T13:56:12+00:00\",\"mainEntityOfPage\":{\"@id\":\"https:\\\/\\\/archivportal.hu\\\/index.php\\\/tisztujito-kozgyules-2026-szeptember-9\\\/\"},\"wordCount\":229,\"publisher\":{\"@id\":\"https:\\\/\\\/archivportal.hu\\\/#organization\"},\"image\":{\"@id\":\"https:\\\/\\\/archivportal.hu\\\/index.php\\\/tisztujito-kozgyules-2026-szeptember-9\\\/#primaryimage\"},\"thumbnailUrl\":\"https:\\\/\\\/archivportal.hu\\\/wp-content\\\/uploads\\\/2023\\\/01\\\/ures.jpg\",\"articleSection\":[\"H\u00edr\"],\"inLanguage\":\"en-US\"},{\"@type\":\"WebPage\",\"@id\":\"https:\\\/\\\/archivportal.hu\\\/index.php\\\/tisztujito-kozgyules-2026-szeptember-9\\\/\",\"url\":\"https:\\\/\\\/archivportal.hu\\\/index.php\\\/tisztujito-kozgyules-2026-szeptember-9\\\/\",\"name\":\"Tiszt\u00faj\u00edt\u00f3 k\u00f6zgy\u0171l\u00e9s: 2026. szeptember 9. - Magyar Lev\u00e9lt\u00e1ri Port\u00e1l\",\"isPartOf\":{\"@id\":\"https:\\\/\\\/archivportal.hu\\\/#website\"},\"primaryImageOfPage\":{\"@id\":\"https:\\\/\\\/archivportal.hu\\\/index.php\\\/tisztujito-kozgyules-2026-szeptember-9\\\/#primaryimage\"},\"image\":{\"@id\":\"https:\\\/\\\/archivportal.hu\\\/index.php\\\/tisztujito-kozgyules-2026-szeptember-9\\\/#primaryimage\"},\"thumbnailUrl\":\"https:\\\/\\\/archivportal.hu\\\/wp-content\\\/uploads\\\/2023\\\/01\\\/ures.jpg\",\"datePublished\":\"2026-09-03T13:56:11+00:00\",\"dateModified\":\"2026-09-03T13:56:12+00:00\",\"breadcrumb\":{\"@id\":\"https:\\\/\\\/archivportal.hu\\\/index.php\\\/tisztujito-kozgyules-2026-szeptember-9\\\/#breadcrumb\"},\"inLanguage\":\"en-US\",\"potentialAction\":[{\"@type\":\"ReadAction\",\"target\":[\"https:\\\/\\\/archivportal.hu\\\/index.php\\\/tisztujito-kozgyules-2026-szeptember-9\\\/\"]}]},{\"@type\":\"ImageObject\",\"inLanguage\":\"en-US\",\"@id\":\"https:\\\/\\\/archivportal.hu\\\/index.php\\\/tisztujito-kozgyules-2026-szeptember-9\\\/#primaryimage\",\"url\":\"https:\\\/\\\/archivportal.hu\\\/wp-content\\\/uploads\\\/2023\\\/01\\\/ures.jpg\",\"contentUrl\":\"https:\\\/\\\/archivportal.hu\\\/wp-content\\\/uploads\\\/2023\\\/01\\\/ures.jpg\",\"width\":1110,\"height\":637},{\"@type\":\"BreadcrumbList\",\"@id\":\"https:\\\/\\\/archivportal.hu\\\/index.php\\\/tisztujito-kozgyules-2026-szeptember-9\\\/#breadcrumb\",\"itemListElement\":[{\"@type\":\"ListItem\",\"position\":1,\"name\":\"Home\",\"item\":\"https:\\\/\\\/archivportal.hu\\\/\"},{\"@type\":\"ListItem\",\"position\":2,\"name\":\"Tiszt\u00faj\u00edt\u00f3 k\u00f6zgy\u0171l\u00e9s: 2026. szeptember 9.\"}]},{\"@type\":\"WebSite\",\"@id\":\"https:\\\/\\\/archivportal.hu\\\/#website\",\"url\":\"https:\\\/\\\/archivportal.hu\\\/\",\"name\":\"Magyar Lev\u00e9lt\u00e1ri Port\u00e1l\",\"description\":\"Az online foly\u00f3irat\",\"publisher\":{\"@id\":\"https:\\\/\\\/archivportal.hu\\\/#organization\"},\"potentialAction\":[{\"@type\":\"SearchAction\",\"target\":{\"@type\":\"EntryPoint\",\"urlTemplate\":\"https:\\\/\\\/archivportal.hu\\\/?s={search_term_string}\"},\"query-input\":{\"@type\":\"PropertyValueSpecification\",\"valueRequired\":true,\"valueName\":\"search_term_string\"}}],\"inLanguage\":\"en-US\"},{\"@type\":\"Organization\",\"@id\":\"https:\\\/\\\/archivportal.hu\\\/#organization\",\"name\":\"Magyar Lev\u00e9lt\u00e1ri Port\u00e1l\",\"url\":\"https:\\\/\\\/archivportal.hu\\\/\",\"logo\":{\"@type\":\"ImageObject\",\"inLanguage\":\"en-US\",\"@id\":\"https:\\\/\\\/archivportal.hu\\\/#\\\/schema\\\/logo\\\/image\\\/\",\"url\":\"https:\\\/\\\/archivportal.hu\\\/wp-content\\\/uploads\\\/2022\\\/06\\\/MLP_logo_HU.png\",\"contentUrl\":\"https:\\\/\\\/archivportal.hu\\\/wp-content\\\/uploads\\\/2022\\\/06\\\/MLP_logo_HU.png\",\"width\":1252,\"height\":144,\"caption\":\"Magyar Lev\u00e9lt\u00e1ri Port\u00e1l\"},\"image\":{\"@id\":\"https:\\\/\\\/archivportal.hu\\\/#\\\/schema\\\/logo\\\/image\\\/\"},\"sameAs\":[\"https:\\\/\\\/www.facebook.com\\\/magyarleveltarosok.egyesulete\"]},{\"@type\":\"Person\",\"@id\":\"https:\\\/\\\/archivportal.hu\\\/#\\\/schema\\\/person\\\/231cf595275618403082675708746a44\",\"name\":\"Ternovacz Balint\",\"image\":{\"@type\":\"ImageObject\",\"inLanguage\":\"en-US\",\"@id\":\"https:\\\/\\\/secure.gravatar.com\\\/avatar\\\/50ccbec506f1beed0bc164006d91a3b8a2f082d5df5136373dbeb00162e93fdc?s=96&d=mm&r=g\",\"url\":\"https:\\\/\\\/secure.gravatar.com\\\/avatar\\\/50ccbec506f1beed0bc164006d91a3b8a2f082d5df5136373dbeb00162e93fdc?s=96&d=mm&r=g\",\"contentUrl\":\"https:\\\/\\\/secure.gravatar.com\\\/avatar\\\/50ccbec506f1beed0bc164006d91a3b8a2f082d5df5136373dbeb00162e93fdc?s=96&d=mm&r=g\",\"caption\":\"Ternovacz Balint\"},\"url\":\"https:\\\/\\\/archivportal.hu\\\/index.php\\\/author\\\/ternovacz-balint\\\/\"}]}<\/script>\n<!-- \/ Yoast SEO plugin. -->","yoast_head_json":{"title":"Tiszt\u00faj\u00edt\u00f3 k\u00f6zgy\u0171l\u00e9s: 2026. szeptember 9. - Magyar Lev\u00e9lt\u00e1ri Port\u00e1l","robots":{"index":"index","follow":"follow","max-snippet":"max-snippet:-1","max-image-preview":"max-image-preview:large","max-video-preview":"max-video-preview:-1"},"og_locale":"en_US","og_type":"article","og_title":"Tiszt\u00faj\u00edt\u00f3 k\u00f6zgy\u0171l\u00e9s: 2026. szeptember 9. - Magyar Lev\u00e9lt\u00e1ri Port\u00e1l","og_description":"Megh\u00edv\u00f3 A Magyar Lev\u00e9lt\u00e1rosok Egyes\u00fclet\u00e9nek tiszt\u00faj\u00edt\u00f3 k\u00f6zgy\u0171l\u00e9s\u00e9re, amit 2026. szeptember 09. (szerda) 10:00 \u00f3r\u00e1ra h\u00edvok \u00f6ssze. Helysz\u00edn: Budapest F\u0151v\u00e1ros Lev\u00e9lt\u00e1ra, 1139 Bp., Teve utca 3-5., G\u00e1rdonyi terem \u00e9s online (https:\/\/egyesuletonline.hu\/) fel\u00fclete Szem\u00e9lyes vagy online r\u00e9szv\u00e9teli sz\u00e1nd\u00e9kukat a k\u00e9rd\u0151\u00edv kit\u00f6lt\u00e9s\u00e9vel Magyar Lev\u00e9lt\u00e1rosok Egyes\u00fclet\u00e9nek 2026. \u00e9vi tiszt\u00faj\u00edt\u00e1sa &#8211; online vagy szem\u00e9lyes szavaz\u00e1s meger\u0151s\u00edt\u00e9se vagy k\u00fcl\u00f6n e-mailben legk\u00e9s\u0151bb&nbsp;2026. [&hellip;]","og_url":"https:\/\/archivportal.hu\/index.php\/tisztujito-kozgyules-2026-szeptember-9\/","og_site_name":"Magyar Lev\u00e9lt\u00e1ri Port\u00e1l","article_publisher":"https:\/\/www.facebook.com\/magyarleveltarosok.egyesulete","article_published_time":"2026-09-03T13:56:11+00:00","article_modified_time":"2026-09-03T13:56:12+00:00","og_image":[{"width":1110,"height":637,"url":"https:\/\/archivportal.hu\/wp-content\/uploads\/2023\/01\/ures.jpg","type":"image\/jpeg"}],"author":"Ternovacz Balint","twitter_card":"summary_large_image","twitter_misc":{"Written by":"Ternovacz Balint","Est. reading time":"1 minute"},"schema":{"@context":"https:\/\/schema.org","@graph":[{"@type":"Article","@id":"https:\/\/archivportal.hu\/index.php\/tisztujito-kozgyules-2026-szeptember-9\/#article","isPartOf":{"@id":"https:\/\/archivportal.hu\/index.php\/tisztujito-kozgyules-2026-szeptember-9\/"},"author":{"name":"Ternovacz Balint","@id":"https:\/\/archivportal.hu\/#\/schema\/person\/231cf595275618403082675708746a44"},"headline":"Tiszt\u00faj\u00edt\u00f3 k\u00f6zgy\u0171l\u00e9s: 2026. szeptember 9.","datePublished":"2026-09-03T13:56:11+00:00","dateModified":"2026-09-03T13:56:12+00:00","mainEntityOfPage":{"@id":"https:\/\/archivportal.hu\/index.php\/tisztujito-kozgyules-2026-szeptember-9\/"},"wordCount":229,"publisher":{"@id":"https:\/\/archivportal.hu\/#organization"},"image":{"@id":"https:\/\/archivportal.hu\/index.php\/tisztujito-kozgyules-2026-szeptember-9\/#primaryimage"},"thumbnailUrl":"https:\/\/archivportal.hu\/wp-content\/uploads\/2023\/01\/ures.jpg","articleSection":["H\u00edr"],"inLanguage":"en-US"},{"@type":"WebPage","@id":"https:\/\/archivportal.hu\/index.php\/tisztujito-kozgyules-2026-szeptember-9\/","url":"https:\/\/archivportal.hu\/index.php\/tisztujito-kozgyules-2026-szeptember-9\/","name":"Tiszt\u00faj\u00edt\u00f3 k\u00f6zgy\u0171l\u00e9s: 2026. szeptember 9. - Magyar Lev\u00e9lt\u00e1ri Port\u00e1l","isPartOf":{"@id":"https:\/\/archivportal.hu\/#website"},"primaryImageOfPage":{"@id":"https:\/\/archivportal.hu\/index.php\/tisztujito-kozgyules-2026-szeptember-9\/#primaryimage"},"image":{"@id":"https:\/\/archivportal.hu\/index.php\/tisztujito-kozgyules-2026-szeptember-9\/#primaryimage"},"thumbnailUrl":"https:\/\/archivportal.hu\/wp-content\/uploads\/2023\/01\/ures.jpg","datePublished":"2026-09-03T13:56:11+00:00","dateModified":"2026-09-03T13:56:12+00:00","breadcrumb":{"@id":"https:\/\/archivportal.hu\/index.php\/tisztujito-kozgyules-2026-szeptember-9\/#breadcrumb"},"inLanguage":"en-US","potentialAction":[{"@type":"ReadAction","target":["https:\/\/archivportal.hu\/index.php\/tisztujito-kozgyules-2026-szeptember-9\/"]}]},{"@type":"ImageObject","inLanguage":"en-US","@id":"https:\/\/archivportal.hu\/index.php\/tisztujito-kozgyules-2026-szeptember-9\/#primaryimage","url":"https:\/\/archivportal.hu\/wp-content\/uploads\/2023\/01\/ures.jpg","contentUrl":"https:\/\/archivportal.hu\/wp-content\/uploads\/2023\/01\/ures.jpg","width":1110,"height":637},{"@type":"BreadcrumbList","@id":"https:\/\/archivportal.hu\/index.php\/tisztujito-kozgyules-2026-szeptember-9\/#breadcrumb","itemListElement":[{"@type":"ListItem","position":1,"name":"Home","item":"https:\/\/archivportal.hu\/"},{"@type":"ListItem","position":2,"name":"Tiszt\u00faj\u00edt\u00f3 k\u00f6zgy\u0171l\u00e9s: 2026. szeptember 9."}]},{"@type":"WebSite","@id":"https:\/\/archivportal.hu\/#website","url":"https:\/\/archivportal.hu\/","name":"Magyar Lev\u00e9lt\u00e1ri Port\u00e1l","description":"Az online foly\u00f3irat","publisher":{"@id":"https:\/\/archivportal.hu\/#organization"},"potentialAction":[{"@type":"SearchAction","target":{"@type":"EntryPoint","urlTemplate":"https:\/\/archivportal.hu\/?s={search_term_string}"},"query-input":{"@type":"PropertyValueSpecification","valueRequired":true,"valueName":"search_term_string"}}],"inLanguage":"en-US"},{"@type":"Organization","@id":"https:\/\/archivportal.hu\/#organization","name":"Magyar Lev\u00e9lt\u00e1ri Port\u00e1l","url":"https:\/\/archivportal.hu\/","logo":{"@type":"ImageObject","inLanguage":"en-US","@id":"https:\/\/archivportal.hu\/#\/schema\/logo\/image\/","url":"https:\/\/archivportal.hu\/wp-content\/uploads\/2022\/06\/MLP_logo_HU.png","contentUrl":"https:\/\/archivportal.hu\/wp-content\/uploads\/2022\/06\/MLP_logo_HU.png","width":1252,"height":144,"caption":"Magyar Lev\u00e9lt\u00e1ri Port\u00e1l"},"image":{"@id":"https:\/\/archivportal.hu\/#\/schema\/logo\/image\/"},"sameAs":["https:\/\/www.facebook.com\/magyarleveltarosok.egyesulete"]},{"@type":"Person","@id":"https:\/\/archivportal.hu\/#\/schema\/person\/231cf595275618403082675708746a44","name":"Ternovacz Balint","image":{"@type":"ImageObject","inLanguage":"en-US","@id":"https:\/\/secure.gravatar.com\/avatar\/50ccbec506f1beed0bc164006d91a3b8a2f082d5df5136373dbeb00162e93fdc?s=96&d=mm&r=g","url":"https:\/\/secure.gravatar.com\/avatar\/50ccbec506f1beed0bc164006d91a3b8a2f082d5df5136373dbeb00162e93fdc?s=96&d=mm&r=g","contentUrl":"https:\/\/secure.gravatar.com\/avatar\/50ccbec506f1beed0bc164006d91a3b8a2f082d5df5136373dbeb00162e93fdc?s=96&d=mm&r=g","caption":"Ternovacz Balint"},"url":"https:\/\/archivportal.hu\/index.php\/author\/ternovacz-balint\/"}]}},"_links":{"self":[{"href":"https:\/\/archivportal.hu\/index.php\/wp-json\/wp\/v2\/posts\/8347","targetHints":{"allow":["GET"]}}],"collection":[{"href":"https:\/\/archivportal.hu\/index.php\/wp-json\/wp\/v2\/posts"}],"about":[{"href":"https:\/\/archivportal.hu\/index.php\/wp-json\/wp\/v2\/types\/post"}],"author":[{"embeddable":true,"href":"https:\/\/archivportal.hu\/index.php\/wp-json\/wp\/v2\/users\/3"}],"replies":[{"embeddable":true,"href":"https:\/\/archivportal.hu\/index.php\/wp-json\/wp\/v2\/comments?post=8347"}],"version-history":[{"count":1,"href":"https:\/\/archivportal.hu\/index.php\/wp-json\/wp\/v2\/posts\/8347\/revisions"}],"predecessor-version":[{"id":8348,"href":"https:\/\/archivportal.hu\/index.php\/wp-json\/wp\/v2\/posts\/8347\/revisions\/8348"}],"wp:featuredmedia":[{"embeddable":true,"href":"https:\/\/archivportal.hu\/index.php\/wp-json\/wp\/v2\/media\/6187"}],"wp:attachment":[{"href":"https:\/\/archivportal.hu\/index.php\/wp-json\/wp\/v2\/media?parent=8347"}],"wp:term":[{"taxonomy":"category","embeddable":true,"href":"https:\/\/archivportal.hu\/index.php\/wp-json\/wp\/v2\/categories?post=8347"},{"taxonomy":"post_tag","embeddable":true,"href":"https:\/\/archivportal.hu\/index.php\/wp-json\/wp\/v2\/tags?post=8347"}],"curies":[{"name":"wp","href":"https:\/\/api.w.org\/{rel}","templated":true}]}}